{"id":8279,"date":"2022-11-18T16:26:11","date_gmt":"2022-11-18T15:26:11","guid":{"rendered":"https:\/\/prahaskolska.200.solutions\/?p=8279"},"modified":"2022-11-19T12:41:13","modified_gmt":"2022-11-19T11:41:13","slug":"obrazem-korzo-narodni-zaplnily-tisice-lidi","status":"publish","type":"post","link":"https:\/\/prahaskolska.200.solutions\/?p=8279","title":{"rendered":"Obrazem: Korzo N\u00e1rodn\u00ed zaplnily tis\u00edce lid\u00ed"},"content":{"rendered":"\n<p><strong>Jako ka\u017ed\u00fd rok, i letos se hlavn\u00ed \u010d\u00e1st oslav 17. listopadu odehr\u00e1la na N\u00e1rodn\u00ed t\u0159\u00edd\u011b. Ji\u017e ka\u017edoro\u010dn\u011b se tam kon\u00e1 akce s n\u00e1zev &#8222;Korzo N\u00e1rodn\u00ed&#8220;, b\u011bhem kter\u00e9 se z jindy velmi vyt\u00ed\u017een\u00e9 ulice st\u00e1v\u00e1 p\u011b\u0161\u00ed z\u00f3na. <\/strong><\/p>\n\n\n\n<p>Sou\u010d\u00e1st\u00ed akce b\u00fdv\u00e1 tradi\u010dn\u011b spousta st\u00e1nk\u016f, drobn\u00fdch v\u00fdstav \u010di um\u011bleck\u00fdch vystoupen\u00ed. I v leto\u0161n\u00edm roce mohli mlad\u0161\u00ed n\u00e1v\u0161t\u011bvn\u00edci nav\u0161t\u00edvit tzv. &#8222;v\u00fdukovou tramvaj&#8220;. Atmosf\u00e9ru lehce kazil intenzivn\u00ed d\u00e9\u0161\u0165, kter\u00fd v\u0161ak b\u011bhem odpoledne ustal a lid\u00e9 si tak mohli N\u00e1rodn\u00ed t\u0159\u00eddu vychutnat naplno.<\/p>\n\n\n\n<p>J\u00e1drem oslav byla jako v\u017edy pam\u011btn\u00ed deska 17. listopadu, v jej\u00edm\u017e okol\u00ed se nach\u00e1zelo mnoho sv\u00ed\u010dek. K pam\u00e1tn\u00edku v pr\u016fb\u011bhu dne p\u0159ich\u00e1zelo tak\u00e9 mnoho v\u00fdznamn\u00fdch osobnost\u00ed.<\/p>\n\n\n\n<figure class=\"wp-block-gallery has-nested-images columns-default is-cropped wp-block-gallery-1 is-layout-flex wp-block-gallery-is-layout-flex\">\n<figure class=\"wp-block-image size-large\"><img loading=\"lazy\" decoding=\"async\" width=\"1920\" height=\"2560\" data-id=\"8294\" src=\"https:\/\/prahaskolska.200.solutions\/wp-content\/uploads\/2022\/11\/C9E173C5-33D3-4B4F-9A78-BF537F3F3BBE-scaled.jpeg\" alt=\"\" class=\"wp-image-8294\" srcset=\"https:\/\/prahaskolska.200.solutions\/wp-content\/uploads\/2022\/11\/C9E173C5-33D3-4B4F-9A78-BF537F3F3BBE-scaled.jpeg 1920w, https:\/\/prahaskolska.200.solutions\/wp-content\/uploads\/2022\/11\/C9E173C5-33D3-4B4F-9A78-BF537F3F3BBE-225x300.jpeg 225w, https:\/\/prahaskolska.200.solutions\/wp-content\/uploads\/2022\/11\/C9E173C5-33D3-4B4F-9A78-BF537F3F3BBE-768x1024.jpeg 768w, https:\/\/prahaskolska.200.solutions\/wp-content\/uploads\/2022\/11\/C9E173C5-33D3-4B4F-9A78-BF537F3F3BBE-1152x1536.jpeg 1152w, https:\/\/prahaskolska.200.solutions\/wp-content\/uploads\/2022\/11\/C9E173C5-33D3-4B4F-9A78-BF537F3F3BBE-1536x2048.jpeg 1536w\" sizes=\"auto, (max-width: 1920px) 100vw, 1920px\" \/><\/figure>\n\n\n\n<figure class=\"wp-block-image size-large\"><img loading=\"lazy\" decoding=\"async\" width=\"1920\" height=\"2560\" data-id=\"8295\" src=\"https:\/\/prahaskolska.200.solutions\/wp-content\/uploads\/2022\/11\/5130F154-43CD-451D-AD1E-CFCB69516882-scaled.jpeg\" alt=\"\" class=\"wp-image-8295\" srcset=\"https:\/\/prahaskolska.200.solutions\/wp-content\/uploads\/2022\/11\/5130F154-43CD-451D-AD1E-CFCB69516882-scaled.jpeg 1920w, https:\/\/prahaskolska.200.solutions\/wp-content\/uploads\/2022\/11\/5130F154-43CD-451D-AD1E-CFCB69516882-225x300.jpeg 225w, https:\/\/prahaskolska.200.solutions\/wp-content\/uploads\/2022\/11\/5130F154-43CD-451D-AD1E-CFCB69516882-768x1024.jpeg 768w, https:\/\/prahaskolska.200.solutions\/wp-content\/uploads\/2022\/11\/5130F154-43CD-451D-AD1E-CFCB69516882-1152x1536.jpeg 1152w, https:\/\/prahaskolska.200.solutions\/wp-content\/uploads\/2022\/11\/5130F154-43CD-451D-AD1E-CFCB69516882-1536x2048.jpeg 1536w\" sizes=\"auto, (max-width: 1920px) 100vw, 1920px\" \/><\/figure>\n<\/figure>\n\n\n\n<p>Mnoho sv\u00ed\u010dek bylo k vid\u011bn\u00ed tak\u00e9 na n\u00e1m\u011bst\u00ed V\u00e1clava Havla u N\u00e1rodn\u00edho divadla, kde se tak\u00e9 odehr\u00e1vala \u010d\u00e1st programu.<\/p>\n\n\n\n<figure class=\"wp-block-gallery has-nested-images columns-default is-cropped wp-block-gallery-2 is-layout-flex wp-block-gallery-is-layout-flex\">\n<figure class=\"wp-block-image size-large\"><img loading=\"lazy\" decoding=\"async\" width=\"1920\" height=\"2560\" data-id=\"8299\" src=\"https:\/\/prahaskolska.200.solutions\/wp-content\/uploads\/2022\/11\/88914CFE-EE4C-462E-9857-8E9B28D0672B-scaled.jpeg\" alt=\"\" class=\"wp-image-8299\" srcset=\"https:\/\/prahaskolska.200.solutions\/wp-content\/uploads\/2022\/11\/88914CFE-EE4C-462E-9857-8E9B28D0672B-scaled.jpeg 1920w, https:\/\/prahaskolska.200.solutions\/wp-content\/uploads\/2022\/11\/88914CFE-EE4C-462E-9857-8E9B28D0672B-225x300.jpeg 225w, https:\/\/prahaskolska.200.solutions\/wp-content\/uploads\/2022\/11\/88914CFE-EE4C-462E-9857-8E9B28D0672B-768x1024.jpeg 768w, https:\/\/prahaskolska.200.solutions\/wp-content\/uploads\/2022\/11\/88914CFE-EE4C-462E-9857-8E9B28D0672B-1152x1536.jpeg 1152w, https:\/\/prahaskolska.200.solutions\/wp-content\/uploads\/2022\/11\/88914CFE-EE4C-462E-9857-8E9B28D0672B-1536x2048.jpeg 1536w\" sizes=\"auto, (max-width: 1920px) 100vw, 1920px\" \/><figcaption>Na N\u00e1rodn\u00ed t\u0159\u00eddu dorazil tak\u00e9 jeden z prezidentsk\u00fdch kandid\u00e1t\u016f Petr Pavel<\/figcaption><\/figure>\n\n\n\n<figure class=\"wp-block-image size-large\"><img loading=\"lazy\" decoding=\"async\" width=\"1920\" height=\"2560\" data-id=\"8297\" src=\"https:\/\/prahaskolska.200.solutions\/wp-content\/uploads\/2022\/11\/C4501184-FDB5-459B-9B33-B854621FFA57-scaled.jpeg\" alt=\"\" class=\"wp-image-8297\" srcset=\"https:\/\/prahaskolska.200.solutions\/wp-content\/uploads\/2022\/11\/C4501184-FDB5-459B-9B33-B854621FFA57-scaled.jpeg 1920w, https:\/\/prahaskolska.200.solutions\/wp-content\/uploads\/2022\/11\/C4501184-FDB5-459B-9B33-B854621FFA57-225x300.jpeg 225w, https:\/\/prahaskolska.200.solutions\/wp-content\/uploads\/2022\/11\/C4501184-FDB5-459B-9B33-B854621FFA57-768x1024.jpeg 768w, https:\/\/prahaskolska.200.solutions\/wp-content\/uploads\/2022\/11\/C4501184-FDB5-459B-9B33-B854621FFA57-1152x1536.jpeg 1152w, https:\/\/prahaskolska.200.solutions\/wp-content\/uploads\/2022\/11\/C4501184-FDB5-459B-9B33-B854621FFA57-1536x2048.jpeg 1536w\" sizes=\"auto, (max-width: 1920px) 100vw, 1920px\" \/><figcaption>V\u00fdukov\u00e1 tramvaj se symbolick\u00fdm \u010d\u00edslem 89<\/figcaption><\/figure>\n<\/figure>\n\n\n\n<p>V symbolick\u00fd \u010das 17:11 z okna Pal\u00e1ce Metro zazn\u011bla Modlitba pro Martu, p\u00edse\u0148, kter\u00e1 se stala jedn\u00edm ze symbol\u016f sametov\u00e9 revoluce. K shrom\u00e1\u017ed\u011bn\u00e9mu davu ji zazp\u00edvala Bereniky Kohoutov\u00e1.<\/p>\n\n\n\n<figure class=\"wp-block-gallery has-nested-images columns-default is-cropped wp-block-gallery-3 is-layout-flex wp-block-gallery-is-layout-flex\">\n<figure class=\"wp-block-image size-large\"><img loading=\"lazy\" decoding=\"async\" width=\"1920\" height=\"2560\" data-id=\"8296\" src=\"https:\/\/prahaskolska.200.solutions\/wp-content\/uploads\/2022\/11\/188C4E7A-0207-429E-A728-7E251DE166D4-scaled.jpeg\" alt=\"\" class=\"wp-image-8296\" srcset=\"https:\/\/prahaskolska.200.solutions\/wp-content\/uploads\/2022\/11\/188C4E7A-0207-429E-A728-7E251DE166D4-scaled.jpeg 1920w, https:\/\/prahaskolska.200.solutions\/wp-content\/uploads\/2022\/11\/188C4E7A-0207-429E-A728-7E251DE166D4-225x300.jpeg 225w, https:\/\/prahaskolska.200.solutions\/wp-content\/uploads\/2022\/11\/188C4E7A-0207-429E-A728-7E251DE166D4-768x1024.jpeg 768w, https:\/\/prahaskolska.200.solutions\/wp-content\/uploads\/2022\/11\/188C4E7A-0207-429E-A728-7E251DE166D4-1152x1536.jpeg 1152w, https:\/\/prahaskolska.200.solutions\/wp-content\/uploads\/2022\/11\/188C4E7A-0207-429E-A728-7E251DE166D4-1536x2048.jpeg 1536w\" sizes=\"auto, (max-width: 1920px) 100vw, 1920px\" \/><\/figure>\n\n\n\n<figure class=\"wp-block-image size-large\"><img loading=\"lazy\" decoding=\"async\" width=\"2482\" height=\"1681\" data-id=\"8292\" src=\"https:\/\/prahaskolska.200.solutions\/wp-content\/uploads\/2022\/11\/F82067B7-ACC3-4B80-B7C5-A6AD7476A877.jpeg\" alt=\"\" class=\"wp-image-8292\" srcset=\"https:\/\/prahaskolska.200.solutions\/wp-content\/uploads\/2022\/11\/F82067B7-ACC3-4B80-B7C5-A6AD7476A877.jpeg 2482w, https:\/\/prahaskolska.200.solutions\/wp-content\/uploads\/2022\/11\/F82067B7-ACC3-4B80-B7C5-A6AD7476A877-300x203.jpeg 300w, https:\/\/prahaskolska.200.solutions\/wp-content\/uploads\/2022\/11\/F82067B7-ACC3-4B80-B7C5-A6AD7476A877-1024x694.jpeg 1024w, https:\/\/prahaskolska.200.solutions\/wp-content\/uploads\/2022\/11\/F82067B7-ACC3-4B80-B7C5-A6AD7476A877-768x520.jpeg 768w, https:\/\/prahaskolska.200.solutions\/wp-content\/uploads\/2022\/11\/F82067B7-ACC3-4B80-B7C5-A6AD7476A877-1536x1040.jpeg 1536w, https:\/\/prahaskolska.200.solutions\/wp-content\/uploads\/2022\/11\/F82067B7-ACC3-4B80-B7C5-A6AD7476A877-2048x1387.jpeg 2048w\" sizes=\"auto, (max-width: 2482px) 100vw, 2482px\" \/><figcaption>Lid\u00e9 \u010dekaj\u00edc\u00ed na Modlitbu pro Martu v pod\u00e1n\u00ed Bereniky Kohoutov\u00e9<\/figcaption><\/figure>\n<\/figure>\n\n\n<div class=\"wp-block-image\">\n<figure class=\"aligncenter size-large is-resized\"><img loading=\"lazy\" decoding=\"async\" src=\"https:\/\/prahaskolska.200.solutions\/wp-content\/uploads\/2022\/11\/IMG_1006-826x1024.jpg\" alt=\"\" class=\"wp-image-8307\" width=\"343\" height=\"425\" srcset=\"https:\/\/prahaskolska.200.solutions\/wp-content\/uploads\/2022\/11\/IMG_1006-826x1024.jpg 826w, https:\/\/prahaskolska.200.solutions\/wp-content\/uploads\/2022\/11\/IMG_1006-242x300.jpg 242w, https:\/\/prahaskolska.200.solutions\/wp-content\/uploads\/2022\/11\/IMG_1006-768x952.jpg 768w, https:\/\/prahaskolska.200.solutions\/wp-content\/uploads\/2022\/11\/IMG_1006.jpg 1170w\" sizes=\"auto, (max-width: 343px) 100vw, 343px\" \/><\/figure><\/div>","protected":false},"excerpt":{"rendered":"<p>Jako ka\u017ed\u00fd rok, i letos se hlavn\u00ed \u010d\u00e1st oslav 17. listopadu odehr\u00e1la na N\u00e1rodn\u00ed t\u0159\u00edd\u011b. Ji\u017e ka\u017edoro\u010dn\u011b se tam kon\u00e1 akce s n\u00e1zev &#8222;Korzo N\u00e1rodn\u00ed&#8220;, b\u011bhem kter\u00e9 se z jindy velmi vyt\u00ed\u017een\u00e9 ulice st\u00e1v\u00e1 p\u011b\u0161\u00ed z\u00f3na. Sou\u010d\u00e1st\u00ed akce b\u00fdv\u00e1 tradi\u010dn\u011b spousta st\u00e1nk\u016f, drobn\u00fdch v\u00fdstav \u010di um\u011bleck\u00fdch vystoupen\u00ed. I v leto\u0161n\u00edm roce mohli mlad\u0161\u00ed n\u00e1v\u0161t\u011bvn\u00edci nav\u0161t\u00edvit [&hellip;]<\/p>\n","protected":false},"author":24,"featured_media":8282,"comment_status":"open","ping_status":"open","sticky":false,"template":"","format":"standard","meta":{"inline_featured_image":false,"_breakdance_hide_in_design_set":false,"_breakdance_tags":"","footnotes":""},"categories":[64,62,109,51,46,110],"tags":[],"class_list":["post-8279","post","type-post","status-publish","format-standard","has-post-thumbnail","hentry","category-aktualni-deni","category-historie","category-kultura","category-spolecnost","category-studentske-zpravodajstvi","category-zajimavosti-z-prahy"],"acf":[],"_links":{"self":[{"href":"https:\/\/prahaskolska.200.solutions\/index.php?rest_route=\/wp\/v2\/posts\/8279","targetHints":{"allow":["GET"]}}],"collection":[{"href":"https:\/\/prahaskolska.200.solutions\/index.php?rest_route=\/wp\/v2\/posts"}],"about":[{"href":"https:\/\/prahaskolska.200.solutions\/index.php?rest_route=\/wp\/v2\/types\/post"}],"author":[{"embeddable":true,"href":"https:\/\/prahaskolska.200.solutions\/index.php?rest_route=\/wp\/v2\/users\/24"}],"replies":[{"embeddable":true,"href":"https:\/\/prahaskolska.200.solutions\/index.php?rest_route=%2Fwp%2Fv2%2Fcomments&post=8279"}],"version-history":[{"count":13,"href":"https:\/\/prahaskolska.200.solutions\/index.php?rest_route=\/wp\/v2\/posts\/8279\/revisions"}],"predecessor-version":[{"id":8325,"href":"https:\/\/prahaskolska.200.solutions\/index.php?rest_route=\/wp\/v2\/posts\/8279\/revisions\/8325"}],"wp:featuredmedia":[{"embeddable":true,"href":"https:\/\/prahaskolska.200.solutions\/index.php?rest_route=\/wp\/v2\/media\/8282"}],"wp:attachment":[{"href":"https:\/\/prahaskolska.200.solutions\/index.php?rest_route=%2Fwp%2Fv2%2Fmedia&parent=8279"}],"wp:term":[{"taxonomy":"category","embeddable":true,"href":"https:\/\/prahaskolska.200.solutions\/index.php?rest_route=%2Fwp%2Fv2%2Fcategories&post=8279"},{"taxonomy":"post_tag","embeddable":true,"href":"https:\/\/prahaskolska.200.solutions\/index.php?rest_route=%2Fwp%2Fv2%2Ftags&post=8279"}],"curies":[{"name":"wp","href":"https:\/\/api.w.org\/{rel}","templated":true}]}}