{"id":8275,"date":"2022-11-18T11:35:45","date_gmt":"2022-11-18T10:35:45","guid":{"rendered":"https:\/\/prahaskolska.200.solutions\/?p=8275"},"modified":"2022-11-18T11:35:47","modified_gmt":"2022-11-18T10:35:47","slug":"evropa-v-roce-2050-ocima-soucasne-generace-%ef%bf%bc","status":"publish","type":"post","link":"https:\/\/prahaskolska.200.solutions\/?p=8275","title":{"rendered":"EVROPA V ROCE 2050 O\u010cIMA SOU\u010cASN\u00c9 GENERACE\u00a0\ufffc"},"content":{"rendered":"\n<p><strong>V\u00a0\u00fater\u00fd 22. 11. 2022 se v\u00a0prostor\u00e1ch Vlasteneck\u00e9ho s\u00e1lu Univerzity Karlovy uskute\u010dn\u00ed z\u00e1v\u011bre\u010dn\u00e1 evropsk\u00e1 konference spojen\u00e1 s\u00a0vyhl\u00e1\u0161en\u00edm v\u00fdsledk\u016f mezin\u00e1rodn\u00ed v\u00fdtvarn\u00e9 sout\u011b\u017ee s\u00a0n\u00e1zvem\u00a0<em>Evropa, ve kter\u00e9 chci \u017e\u00edt: Evropa v roce 2050<\/em>. Panelist\u00e9 se sv\u00fdch p\u0159\u00edsp\u011bvc\u00edch zam\u011b\u0159\u00ed na z\u00e1sadn\u00ed v\u00fdzvy v oblasti budoucnosti vzd\u011bl\u00e1v\u00e1n\u00ed v\u00a0\u0161ir\u0161\u00edch\u00a0\u00a0kontextech.\u00a0\u00a0\u0158e\u010d bude nap\u0159\u00edklad o roli um\u011bn\u00ed ve spole\u010dnosti nebo o tom, jak se da\u0159\u00ed \u010ceskou republiku reprezentovat ve sv\u011bt\u011b v\u00a0r\u00e1mci p\u0159edsednictv\u00ed. Sou\u010d\u00e1st\u00ed programu je tak\u00e9 vyhl\u00e1\u0161en\u00ed v\u00fdsledk\u016f v\u00fdtvarn\u00e9 p\u0159ehl\u00eddky Evropa 2050, p\u0159i\u010dem\u017e ocen\u011bn\u00ed bude p\u0159ed\u00e1no autor\u016fm z\u00a0p\u011bti evropsk\u00fdch zem\u00ed, a to z\u00a0\u010cesk\u00e9 republiky, d\u00e1le pak z Rumunska, \u0158ecka, Slovenska, \u0160pan\u011blska.\u00a0Za realizac\u00ed projektu stoj\u00ed \u010cesk\u00e1 centra, Pedagogick\u00e1 fakulta Univerzity Karlovy a W&amp;Art.\u00a0<\/strong><\/p>\n\n\n\n<p>Ambic\u00ed celodenn\u00ed z\u00e1v\u011bre\u010dn\u00e9 konference, kter\u00e1 se v\u00a0prostor\u00e1ch Vlasteneck\u00e9ho s\u00e1lu Univerzity Karlovy uskute\u010dn\u00ed posledn\u00ed listopadov\u00fd t\u00fdden, je p\u0159ibl\u00ed\u017eit pohled odborn\u00edk\u016f na aktu\u00e1ln\u00ed evropsk\u00e1 t\u00e9mata. Program je rozd\u011blen do dvou blok\u016f. V\u00a0prvn\u00edm bude \u0159e\u010d o roli ob\u010dansk\u00e9 spole\u010dnosti v\u00a0sou\u010dasn\u00e9 i budouc\u00ed Evrop\u011b a o pohledu sou\u010dasn\u00e9 mlad\u00e9 generace na budouc\u00ed Evropu \u2013 Evropu za 30 let. V\u00a0druh\u00e9m bloku prob\u011bhne panelov\u00e1 diskuse t\u00fdkaj\u00edc\u00ed se region\u00e1ln\u00ed akce Evropa 2050 a jej\u00edho p\u0159\u00ednosu pro \u0161kolstv\u00ed \u010di vlivu um\u011bn\u00ed v\u00a0modern\u00edch pedagogick\u00fdch p\u0159\u00edstupech.\u00a0\u00a0Sou\u010d\u00e1st\u00ed programu je vyhl\u00e1\u0161en\u00ed evropsk\u00e9 v\u00fdtvarn\u00e9 p\u0159ehl\u00eddky Evropa, ve kter\u00e9 chci \u017e\u00edt, kter\u00e1 byla vyhl\u00e1\u0161ena 21. 10. 2021 Univerzitou Karlovou, W&amp;ART a \u010cesk\u00fdmi centry coby sou\u010d\u00e1st program\u016f organizovan\u00fdch v\u00a0r\u00e1mci \u010desk\u00e9ho p\u0159edsednictv\u00ed v\u00a0Rad\u011b EU.\u00a0\u00a0S\u00a0p\u0159\u00edsp\u011bvky na jednotliv\u00e1 t\u00e9mata vystoup\u00ed nap\u0159\u00edklad Radka Wildov\u00e1, n\u00e1m\u011bstkyn\u011b ministra pro \u0159\u00edzen\u00ed sekce vysok\u00e9ho \u0161kolstv\u00ed, v\u011bdy a v\u00fdzkumu, Michal Ned\u011blka, d\u011bkan Pedagogick\u00e9 fakulty Univerzity Karlovy, Ond\u0159ej \u010cern\u00fd, gener\u00e1ln\u00ed \u0159editel \u010cesk\u00fdch center. <\/p>\n\n\n\n<figure class=\"wp-block-gallery has-nested-images columns-default is-cropped wp-block-gallery-1 is-layout-flex wp-block-gallery-is-layout-flex\">\n<figure class=\"wp-block-image size-large\"><img loading=\"lazy\" decoding=\"async\" width=\"841\" height=\"595\" data-id=\"8276\" src=\"https:\/\/prahaskolska.200.solutions\/wp-content\/uploads\/2022\/11\/Program-konference-Evropa-2050_22.11.2022-kopie.jpg\" alt=\"\" class=\"wp-image-8276\" srcset=\"https:\/\/prahaskolska.200.solutions\/wp-content\/uploads\/2022\/11\/Program-konference-Evropa-2050_22.11.2022-kopie.jpg 841w, https:\/\/prahaskolska.200.solutions\/wp-content\/uploads\/2022\/11\/Program-konference-Evropa-2050_22.11.2022-kopie-300x212.jpg 300w, https:\/\/prahaskolska.200.solutions\/wp-content\/uploads\/2022\/11\/Program-konference-Evropa-2050_22.11.2022-kopie-768x543.jpg 768w\" sizes=\"auto, (max-width: 841px) 100vw, 841px\" \/><\/figure>\n<\/figure>\n\n\n\n<p><strong>BUDOUCNOST O\u010cIMA MLAD\u00c9 GENERACE\u00a0<\/strong><\/p>\n\n\n\n<p>Projekt Evropa 2050, kter\u00fd vrchol\u00ed evropskou konferenc\u00ed \u201eEvropa, ve kter\u00e9 chci \u017e\u00edt. Evropa v\u00a0roce 2050\u201c je zam\u011b\u0159en na ve\u0159ejnou diskusi mlad\u00e9 generace o aktu\u00e1ln\u00edch t\u00e9matech nap\u0159\u00ed\u010d \u010deskou i evropskou spole\u010dnost\u00ed. Navazuj\u00edc\u00ed stejnojmenn\u00e1 v\u00fdstava pak\u00a0ukazuje, jak dne\u0161n\u00ed dosp\u00edvaj\u00edc\u00ed d\u011bti vid\u00ed svou budoucnost v\u00a0roce 2050 \u010di jak\u00e1 je jejich vize budouc\u00ed Evropy.\u00a0\u00a0\u010cesk\u00e1 centra z\u00a0pozice vyhla\u0161ovatele zajistila zahrani\u010dn\u00ed rozm\u011br projektu a sou\u010dasn\u011b jej za\u0159adila do vlastn\u00ed rozs\u00e1hl\u00e9 programov\u00e9 nab\u00eddky, kterou p\u0159ipravila u p\u0159\u00edle\u017eitosti p\u0159edsednictv\u00ed.\u00a0\u00a0\u201e<em>Chceme hovo\u0159it o budoucnosti, o Evrop\u011b. Jsme p\u0159esv\u011bd\u010deni, \u017ee nastupuj\u00edc\u00ed generace m\u00e1 b\u00fdt u tohoto z\u00e1m\u011bru. Hlavn\u00ed t\u00e9mata projektu \u2013 udr\u017eitelnost, kreativita a inovace se objevuj\u00ed v\u00a0\u00favah\u00e1ch mlad\u00fdch lid\u00ed opakovan\u011b<\/em>,\u201c \u0159\u00edk\u00e1\u00a0<strong>Ond\u0159ej \u010cern\u00fd, gener\u00e1ln\u00ed \u0159editel \u010cesk\u00fdch center<\/strong>\u00a0a dod\u00e1v\u00e1: \u201e<em>Projekt pom\u00e1h\u00e1 zviditelnit tyto priority prost\u0159ednictv\u00edm t\u00e9matu \u201abudoucnost spole\u010dn\u00e9 Evropy\u2018. T\u011b\u0161\u00ed n\u00e1s, \u017ee si na vernis\u00e1\u017e p\u0159ijedou p\u0159evz\u00edt ocen\u011bn\u00ed zahrani\u010dn\u00ed auto\u0159i ze \u010dty\u0159 zem\u00ed Evropy, z Rumunska, \u0158ecka, Slovenska, \u0160pan\u011blska.\u201c<\/em><\/p>\n\n\n\n<p>Do projektu se aktivn\u011b zapojilo\u00a0<strong>11 \u010cesk\u00fdch center v\u00a0zahrani\u010d\u00ed:\u00a0<\/strong>Ath\u00e9ny, Berl\u00edn, Bratislava, Brusel, Bukure\u0161\u0165, Madrid, Mnichov, Var\u0161ava, V\u00edde\u0148, Soul a Pa\u0159\u00ed\u017e. D\u00edky tomu se poda\u0159ilo oslovit\u00a0zahrani\u010dn\u00ed \u0161koly ze\u00a017 zem\u00ed. Sou\u010dasn\u011b se v\u00a0s\u00edti \u010cesk\u00fdch center poda\u0159ilo realizovat n\u011bkter\u00e9 doprovodn\u00e9 akce nap\u0159. t\u00fddenn\u00ed kreativn\u00ed audiovizu\u00e1ln\u00ed kemp CreaThink Europe 2050, kde se studenti a studentky nau\u010dili pracovat s\u00a0audiovizu\u00e1ln\u00edm form\u00e1tem a v\u00fdstupy mohli p\u0159ihl\u00e1sit do sout\u011b\u017ee Evropa 2050.\u00a0\u010cesk\u00e9 centrum \u00a0Pa\u0159\u00ed\u017e p\u0159edstavilo vybran\u00e9 projekty mezin\u00e1rodn\u00ed v\u00fdtvarn\u00e9 sout\u011b\u017ee Evropa 2050 formou interaktivn\u00ed v\u00fdstavy v\u00a0r\u00e1mci projektu Evropa a ml\u00e1de\u017e.\u00a0Chystaj\u00ed se v\u0161ak dal\u0161\u00ed v\u00fdstavy a p\u0159edstaven\u00ed projektu Evropa 2050 v\u00a0prostor\u00e1ch Evropsk\u00e9 komise v Madridu, v \u010cesk\u00e9m dom\u011b Bratislava, v\u00a0\u010cesk\u00e9m centru V\u00edde\u0148 a \u010cesk\u00e9m centru Pa\u0159\u00ed\u017e.\u00a0<\/p>\n\n\n\n<p><strong>V\u00edce o akci<\/strong>:&nbsp;<a href=\"https:\/\/www.czechcentres.cz\/projekty\/evropa-2050\">zde<\/a><\/p>\n\n\n\n<figure class=\"wp-block-embed\"><div class=\"wp-block-embed__wrapper\">\nhttps:\/\/www.czechcentres.cz\/projekty\/evropa-2050\n<\/div><\/figure>\n","protected":false},"excerpt":{"rendered":"<p>V\u00a0\u00fater\u00fd 22. 11. 2022 se v\u00a0prostor\u00e1ch Vlasteneck\u00e9ho s\u00e1lu Univerzity Karlovy uskute\u010dn\u00ed z\u00e1v\u011bre\u010dn\u00e1 evropsk\u00e1 konference spojen\u00e1 s\u00a0vyhl\u00e1\u0161en\u00edm v\u00fdsledk\u016f mezin\u00e1rodn\u00ed v\u00fdtvarn\u00e9 sout\u011b\u017ee s\u00a0n\u00e1zvem\u00a0Evropa, ve kter\u00e9 chci \u017e\u00edt: Evropa v roce 2050. Panelist\u00e9 se sv\u00fdch p\u0159\u00edsp\u011bvc\u00edch zam\u011b\u0159\u00ed na z\u00e1sadn\u00ed v\u00fdzvy v oblasti budoucnosti vzd\u011bl\u00e1v\u00e1n\u00ed v\u00a0\u0161ir\u0161\u00edch\u00a0\u00a0kontextech.\u00a0\u00a0\u0158e\u010d bude nap\u0159\u00edklad o roli um\u011bn\u00ed ve spole\u010dnosti nebo o tom, jak se da\u0159\u00ed [&hellip;]<\/p>\n","protected":false},"author":1,"featured_media":8277,"comment_status":"open","ping_status":"open","sticky":false,"template":"","format":"standard","meta":{"inline_featured_image":false,"_breakdance_hide_in_design_set":false,"_breakdance_tags":"","footnotes":""},"categories":[205],"tags":[],"class_list":["post-8275","post","type-post","status-publish","format-standard","has-post-thumbnail","hentry","category-aktuality"],"acf":[],"_links":{"self":[{"href":"https:\/\/prahaskolska.200.solutions\/index.php?rest_route=\/wp\/v2\/posts\/8275","targetHints":{"allow":["GET"]}}],"collection":[{"href":"https:\/\/prahaskolska.200.solutions\/index.php?rest_route=\/wp\/v2\/posts"}],"about":[{"href":"https:\/\/prahaskolska.200.solutions\/index.php?rest_route=\/wp\/v2\/types\/post"}],"author":[{"embeddable":true,"href":"https:\/\/prahaskolska.200.solutions\/index.php?rest_route=\/wp\/v2\/users\/1"}],"replies":[{"embeddable":true,"href":"https:\/\/prahaskolska.200.solutions\/index.php?rest_route=%2Fwp%2Fv2%2Fcomments&post=8275"}],"version-history":[{"count":1,"href":"https:\/\/prahaskolska.200.solutions\/index.php?rest_route=\/wp\/v2\/posts\/8275\/revisions"}],"predecessor-version":[{"id":8278,"href":"https:\/\/prahaskolska.200.solutions\/index.php?rest_route=\/wp\/v2\/posts\/8275\/revisions\/8278"}],"wp:featuredmedia":[{"embeddable":true,"href":"https:\/\/prahaskolska.200.solutions\/index.php?rest_route=\/wp\/v2\/media\/8277"}],"wp:attachment":[{"href":"https:\/\/prahaskolska.200.solutions\/index.php?rest_route=%2Fwp%2Fv2%2Fmedia&parent=8275"}],"wp:term":[{"taxonomy":"category","embeddable":true,"href":"https:\/\/prahaskolska.200.solutions\/index.php?rest_route=%2Fwp%2Fv2%2Fcategories&post=8275"},{"taxonomy":"post_tag","embeddable":true,"href":"https:\/\/prahaskolska.200.solutions\/index.php?rest_route=%2Fwp%2Fv2%2Ftags&post=8275"}],"curies":[{"name":"wp","href":"https:\/\/api.w.org\/{rel}","templated":true}]}}