{"id":8220,"date":"2022-11-16T10:35:00","date_gmt":"2022-11-16T09:35:00","guid":{"rendered":"https:\/\/prahaskolska.200.solutions\/?p=8220"},"modified":"2022-11-14T12:04:54","modified_gmt":"2022-11-14T11:04:54","slug":"kus-japonske-architektury-na-morave-v-brne-vznikne-zidovske-muzeum-mehrin","status":"publish","type":"post","link":"https:\/\/prahaskolska.200.solutions\/?p=8220","title":{"rendered":"Kus japonsk\u00e9 architektury na Morav\u011b. V Brn\u011b vznikne \u017eidovsk\u00e9 muzeum Mehrin"},"content":{"rendered":"\n<p><strong>V moravsk\u00e9m hlavn\u00edm m\u011bst\u011b vznikne unik\u00e1tn\u00ed a d\u016fstojn\u00e1 novostavba, kter\u00e1 se stane s\u00eddlem nov\u00e9ho Moravsk\u00e9ho \u017eidovsk\u00e9ho muzea Mehrin. Jeho c\u00edlem bude p\u0159ipomenout d\u011bjiny \u017eidovsk\u00e9 p\u0159\u00edtomnosti na Morav\u011b, a to v\u010detn\u011b holokaustu \u010di n\u00e1sledn\u00e9ho ml\u010den\u00ed za komunistick\u00e9 \u00e9ry. Svoj\u00ed podobou bude nov\u00e9 muzeum v\u00fdjime\u010dn\u00e9. <\/strong><\/p>\n\n\n\n<p>Nov\u00e9 muzeum bude vyu\u017e\u00edvat modern\u00ed technologie 21. stolet\u00ed, d\u00edky kter\u00fdm se budou n\u00e1v\u0161t\u011bvn\u00edci moci sezn\u00e1mit s autentick\u00fdmi \u017eivotn\u00edmi p\u0159\u00edb\u011bhy moravsk\u00fdch \u017did\u016f. Bude se jednat o p\u0159\u00edstup, kter\u00fd v sou\u010dasn\u00e9 dob\u011b v \u010desk\u00e9m prost\u0159ed\u00ed nepou\u017e\u00edv\u00e1 \u017e\u00e1dn\u00e1 \u017eidovsk\u00e1 \u010di muzejn\u00ed instituce. <\/p>\n\n\n\n<p>C\u00edlem projektu je p\u0159ipomenout historii v\u00fdznamn\u00fdch \u017eidovsk\u00fdch s\u00eddel na Morav\u011b, a to v cel\u00e9 jejich bohatosti. Muzeum p\u0159ipomene tak\u00e9 historii konkr\u00e9tn\u00edch \u017eidovsk\u00fdch rodin, a to v\u010detn\u011b t\u011bch, kter\u00e9 se rozhodly p\u0159ej\u00edt k jin\u00e9mu n\u00e1bo\u017eenstv\u00ed. Sou\u010d\u00e1st\u00ed muzea bude tak\u00e9 dokumenta\u010dn\u00ed centrum, kter\u00e9 bude mapovat historii holokaustu na Morav\u011b.<\/p>\n\n\n\n<p>Moravsk\u00e9 \u017eidovsk\u00e9 muzeum Mehrin bude unik\u00e1tn\u00ed tak\u00e9 d\u00edky podob\u011b sv\u00e9 budovy. Objekt, ve kter\u00e9m n\u00e1v\u0161t\u011bvn\u00edci krom\u011b samotn\u00e9ho muzea najdou tak\u00e9 knihovnu, multifunk\u010dn\u00ed s\u00e1l \u010di kav\u00e1rnu, poch\u00e1z\u00ed z pera architekta Kenga Kumy, kter\u00fd stoj\u00ed kup\u0159. za olympijsk\u00fdm stadionem v Tokiu. <\/p>\n\n\n\n<p>Kengo Kuma se v \u017eeb\u0159\u00ed\u010dku \u010dasopisu Time um\u00edstil ve stovce nejvlivn\u011bj\u0161\u00edch architekt\u016f sv\u011bta. V Evrop\u011b je autorem kup\u0159. d\u00e1nsk\u00e9ho muzea Hanse Christiana Andersena, kter\u00e9 je v sou\u010dasnosti ve v\u00fdstavb\u011b. Ve sv\u00fdch d\u00edlech Kuma klade velk\u00fd d\u016fraz na udr\u017eitelnost. <\/p>\n\n\n\n<p>Nov\u00e1 budova vyroste v brn\u011bnsk\u00e9 Bene\u0161ov\u011b ulici nedaleko vlakov\u00e9ho a autobusov\u00e9ho n\u00e1dra\u017e\u00ed na m\u00edst\u011b sou\u010dasn\u00e9ho parkovi\u0161t\u011b. Podoba domu vych\u00e1z\u00ed z konceptu nekone\u010dn\u00e9 stuhy stoupaj\u00edc\u00ed od uli\u010dn\u00ed \u00farovn\u011b a\u017e k vyhl\u00eddce na st\u0159e\u0161e. Centr\u00e1ln\u00edm prostorem muzea se m\u00e1 st\u00e1t knihovna. Kruhov\u00fd tvar budovy vych\u00e1z\u00ed ze \u017eidovsk\u00e9 kultury.<\/p>\n\n\n\n<p>Porota, jej\u00edm\u017e p\u0159edsedou byl architekt Josef Pleskot, ocenila hlavn\u011b um\u00edrn\u011bnost cel\u00e9ho projektu a to, \u017ee budova v\u00fdborn\u011b zapad\u00e1 do sv\u00e9ho okol\u00ed. I s\u00e1m Kengo Kuma ocenil um\u00edst\u011bn\u00ed budovy, kter\u00e1 je odd\u011blena od okoln\u00edch dom\u016f, a tak\u00e9 bl\u00edzkost autobusov\u00e9ho n\u00e1dra\u017e\u00ed.<\/p>\n\n\n\n<p>Zdroj obr\u00e1zku: Moravsk\u00e9 \u017eidovsk\u00e9 muzeum Mehrin &#8211; <a href=\"https:\/\/mehrin.cz\/\">Mehrin.cz<\/a><\/p>\n","protected":false},"excerpt":{"rendered":"<p>V moravsk\u00e9m hlavn\u00edm m\u011bst\u011b vznikne unik\u00e1tn\u00ed a d\u016fstojn\u00e1 novostavba, kter\u00e1 se stane s\u00eddlem nov\u00e9ho Moravsk\u00e9ho \u017eidovsk\u00e9ho muzea Mehrin. Jeho c\u00edlem bude p\u0159ipomenout d\u011bjiny \u017eidovsk\u00e9 p\u0159\u00edtomnosti na Morav\u011b, a to v\u010detn\u011b holokaustu \u010di n\u00e1sledn\u00e9ho ml\u010den\u00ed za komunistick\u00e9 \u00e9ry. Svoj\u00ed podobou bude nov\u00e9 muzeum v\u00fdjime\u010dn\u00e9. Nov\u00e9 muzeum bude vyu\u017e\u00edvat modern\u00ed technologie 21. stolet\u00ed, d\u00edky kter\u00fdm se budou [&hellip;]<\/p>\n","protected":false},"author":24,"featured_media":8225,"comment_status":"open","ping_status":"open","sticky":false,"template":"","format":"standard","meta":{"inline_featured_image":false,"_breakdance_hide_in_design_set":false,"_breakdance_tags":"","footnotes":""},"categories":[247,62,109,51,46],"tags":[],"class_list":["post-8220","post","type-post","status-publish","format-standard","has-post-thumbnail","hentry","category-architektura","category-historie","category-kultura","category-spolecnost","category-studentske-zpravodajstvi"],"acf":[],"_links":{"self":[{"href":"https:\/\/prahaskolska.200.solutions\/index.php?rest_route=\/wp\/v2\/posts\/8220","targetHints":{"allow":["GET"]}}],"collection":[{"href":"https:\/\/prahaskolska.200.solutions\/index.php?rest_route=\/wp\/v2\/posts"}],"about":[{"href":"https:\/\/prahaskolska.200.solutions\/index.php?rest_route=\/wp\/v2\/types\/post"}],"author":[{"embeddable":true,"href":"https:\/\/prahaskolska.200.solutions\/index.php?rest_route=\/wp\/v2\/users\/24"}],"replies":[{"embeddable":true,"href":"https:\/\/prahaskolska.200.solutions\/index.php?rest_route=%2Fwp%2Fv2%2Fcomments&post=8220"}],"version-history":[{"count":1,"href":"https:\/\/prahaskolska.200.solutions\/index.php?rest_route=\/wp\/v2\/posts\/8220\/revisions"}],"predecessor-version":[{"id":8226,"href":"https:\/\/prahaskolska.200.solutions\/index.php?rest_route=\/wp\/v2\/posts\/8220\/revisions\/8226"}],"wp:featuredmedia":[{"embeddable":true,"href":"https:\/\/prahaskolska.200.solutions\/index.php?rest_route=\/wp\/v2\/media\/8225"}],"wp:attachment":[{"href":"https:\/\/prahaskolska.200.solutions\/index.php?rest_route=%2Fwp%2Fv2%2Fmedia&parent=8220"}],"wp:term":[{"taxonomy":"category","embeddable":true,"href":"https:\/\/prahaskolska.200.solutions\/index.php?rest_route=%2Fwp%2Fv2%2Fcategories&post=8220"},{"taxonomy":"post_tag","embeddable":true,"href":"https:\/\/prahaskolska.200.solutions\/index.php?rest_route=%2Fwp%2Fv2%2Ftags&post=8220"}],"curies":[{"name":"wp","href":"https:\/\/api.w.org\/{rel}","templated":true}]}}