{"id":8204,"date":"2022-11-15T10:52:00","date_gmt":"2022-11-15T09:52:00","guid":{"rendered":"https:\/\/prahaskolska.200.solutions\/?p=8204"},"modified":"2022-11-14T10:28:06","modified_gmt":"2022-11-14T09:28:06","slug":"v-ramci-oceneni-ceske-hlavicky-byla-poprve-udelena-cena-univerzity-karlovy-intentio","status":"publish","type":"post","link":"https:\/\/prahaskolska.200.solutions\/?p=8204","title":{"rendered":"V r\u00e1mci ocen\u011bn\u00ed \u010cesk\u00e9 hlavi\u010dky byla poprv\u00e9 ud\u011blena cena Univerzity Karlovy INTENTIO"},"content":{"rendered":"\n<p><strong>V sobotu 12. listopadu se konal ji\u017e 16. ro\u010dn\u00edk ud\u00edlen\u00ed presti\u017en\u00edho ocen\u011bn\u00ed \u010cesk\u00e9 hlavi\u010dky. V\u016fbec poprv\u00e9 byla v r\u00e1mci projektu ud\u011blena tak\u00e9 cena INTENTIO vyzdvihuj\u00edc\u00ed v\u00fdjime\u010dn\u00e9 mlad\u00e9 lidi za jejich p\u0159isp\u011bn\u00ed k udr\u017eiteln\u00e9mu rozvoji. <\/strong><\/p>\n\n\n\n<p>Ocen\u011bn\u00ed \u010cesk\u00e9 hlavi\u010dky, kter\u00e9 se p\u0159ed\u00e1v\u00e1 ka\u017edoro\u010dn\u011b ji\u017e od roku 2007, spad\u00e1 pod mate\u0159sk\u00fd projekt \u010cesk\u00e1 hlava. Jeho \u00fakolem je popularizace v\u011bdy v \u010cesk\u00e9 republice. \u010cesk\u00e9 hlavi\u010dky se zam\u011b\u0159uj\u00ed na podporu student\u016f, kte\u0159\u00ed jsou nad\u00e1ni v technick\u00fdch \u010di p\u0159\u00edrodov\u011bdn\u00fdch oborech. C\u00edlem projektu je tak\u00e9 zv\u00fd\u0161it z\u00e1jem mlad\u00fdch lid\u00ed o studium t\u011bchto obor\u016f na st\u0159edn\u00edch \u0161kol\u00e1ch. <\/p>\n\n\n\n<p>Nov\u00e1 cena INTENTIO je ud\u011blov\u00e1na za odborn\u00e9 pr\u00e1ce a projekty, kter\u00e9 p\u0159isp\u00edvaj\u00ed k rozvoji udr\u017eiteln\u00e9 existence spole\u010dnosti I jedince. Jejich c\u00edlem je mimo jin\u00e9 ohledupln\u011bj\u0161\u00ed vyu\u017e\u00edv\u00e1n\u00ed p\u0159\u00edrodn\u00edch zdroj\u016f, udr\u017eitelnost m\u011bst a obc\u00ed \u010di rovn\u00e9 p\u0159\u00edle\u017eitosti.<\/p>\n\n\n\n<p>V\u00edt\u011bzem historicky prvn\u00edho ro\u010dn\u00edku ceny INTENTIO se stal Ji\u0159\u00ed Mo\u0161ner a spol. z VO\u0160 a SP\u0160 \u017d\u010f\u00e1r nad S\u00e1zavou. Jejich <em>Projekt mobilita &#8211; Elektrick\u00fd pohon invalidn\u00edho voz\u00edku<\/em> m\u011bl za \u00fakol navrhnout, spo\u010d\u00edtat a zkonstruovat p\u0159\u00eddavn\u00fd elektrick\u00fd pohon k invalidn\u00edmu voz\u00edku b\u00fdval\u00e9ho studenta \u017e\u010f\u00e1rsk\u00e9 \u0161koly. <\/p>\n\n\n\n<p>P\u0159i pr\u00e1ci na projektu spojili s\u00edly studenti ze dvou obor\u016f &#8211; Ji\u0159\u00ed Mo\u0161ner a Mat\u011bj Pelik\u00e1n z oboru Stroj\u00edrenstv\u00ed a Jan Kar\u00e1sek a Petr Stan\u011bk z oboru Elektrotechnika. Odborn\u00fd dohled pak zaji\u0161\u0165ovali Ing. Martin \u0164upa a Ale\u0161 Gregor. C\u00edlem t\u00fdmu bylo sestavit pln\u011b funk\u010dn\u00ed a odn\u00edmateln\u00fd p\u0159\u00eddavn\u00fd elektrick\u00fd pohon k invalidn\u00edmu voz\u00edku. <\/p>\n\n\n\n<p><em>\u201eJedn\u00edm z\u00a0mil\u00fdch a sou\u010dasn\u011b velmi d\u016fle\u017eit\u00fdch posl\u00e1n\u00ed Univerzity Karlovy je podporovat mladou generaci v\u00a0zodpov\u011bdn\u00e9m chov\u00e1n\u00ed v\u016f\u010di sv\u00e9mu okol\u00ed i cel\u00e9 spole\u010dnosti. Cena INTENTIO v\u00a0r\u00e1mci \u010cesk\u00fdch hlavi\u010dek vznikla pr\u00e1v\u011b za t\u00edmto \u00fa\u010delem a v\u011b\u0159\u00edm, \u017ee tento prvn\u00ed ro\u010dn\u00edk uk\u00e1zal sm\u011br dal\u0161\u00edm talentovan\u00fdm lidem, kter\u00fdm nen\u00ed lhostejn\u00e9 na\u0161e okol\u00ed ani na\u0161e budoucnost,\u201c<\/em> uvedla rektorka Univerzity Karlovy Milena Kr\u00e1l\u00ed\u010dkov\u00e1.<\/p>\n\n\n\n<p>Zdroj obr\u00e1zku: Obr\u00e1zek u\u017eivatele ybernardi ze slu\u017eby <a href=\"https:\/\/pixabay.com\/cs\/photos\/udr\u017eiteln\u00fd-rozvoj-v\u011btrn\u00e1-turb%C3%ADna-3993929\/\">Pixabay<\/a>.<\/p>\n","protected":false},"excerpt":{"rendered":"<p>V sobotu 12. listopadu se konal ji\u017e 16. ro\u010dn\u00edk ud\u00edlen\u00ed presti\u017en\u00edho ocen\u011bn\u00ed \u010cesk\u00e9 hlavi\u010dky. V\u016fbec poprv\u00e9 byla v r\u00e1mci projektu ud\u011blena tak\u00e9 cena INTENTIO vyzdvihuj\u00edc\u00ed v\u00fdjime\u010dn\u00e9 mlad\u00e9 lidi za jejich p\u0159isp\u011bn\u00ed k udr\u017eiteln\u00e9mu rozvoji. Ocen\u011bn\u00ed \u010cesk\u00e9 hlavi\u010dky, kter\u00e9 se p\u0159ed\u00e1v\u00e1 ka\u017edoro\u010dn\u011b ji\u017e od roku 2007, spad\u00e1 pod mate\u0159sk\u00fd projekt \u010cesk\u00e1 hlava. Jeho \u00fakolem je popularizace [&hellip;]<\/p>\n","protected":false},"author":24,"featured_media":8210,"comment_status":"open","ping_status":"open","sticky":false,"template":"","format":"standard","meta":{"inline_featured_image":false,"_breakdance_hide_in_design_set":false,"_breakdance_tags":"","footnotes":""},"categories":[51,46,47],"tags":[],"class_list":["post-8204","post","type-post","status-publish","format-standard","has-post-thumbnail","hentry","category-spolecnost","category-studentske-zpravodajstvi","category-vzdelavani"],"acf":[],"_links":{"self":[{"href":"https:\/\/prahaskolska.200.solutions\/index.php?rest_route=\/wp\/v2\/posts\/8204","targetHints":{"allow":["GET"]}}],"collection":[{"href":"https:\/\/prahaskolska.200.solutions\/index.php?rest_route=\/wp\/v2\/posts"}],"about":[{"href":"https:\/\/prahaskolska.200.solutions\/index.php?rest_route=\/wp\/v2\/types\/post"}],"author":[{"embeddable":true,"href":"https:\/\/prahaskolska.200.solutions\/index.php?rest_route=\/wp\/v2\/users\/24"}],"replies":[{"embeddable":true,"href":"https:\/\/prahaskolska.200.solutions\/index.php?rest_route=%2Fwp%2Fv2%2Fcomments&post=8204"}],"version-history":[{"count":2,"href":"https:\/\/prahaskolska.200.solutions\/index.php?rest_route=\/wp\/v2\/posts\/8204\/revisions"}],"predecessor-version":[{"id":8212,"href":"https:\/\/prahaskolska.200.solutions\/index.php?rest_route=\/wp\/v2\/posts\/8204\/revisions\/8212"}],"wp:featuredmedia":[{"embeddable":true,"href":"https:\/\/prahaskolska.200.solutions\/index.php?rest_route=\/wp\/v2\/media\/8210"}],"wp:attachment":[{"href":"https:\/\/prahaskolska.200.solutions\/index.php?rest_route=%2Fwp%2Fv2%2Fmedia&parent=8204"}],"wp:term":[{"taxonomy":"category","embeddable":true,"href":"https:\/\/prahaskolska.200.solutions\/index.php?rest_route=%2Fwp%2Fv2%2Fcategories&post=8204"},{"taxonomy":"post_tag","embeddable":true,"href":"https:\/\/prahaskolska.200.solutions\/index.php?rest_route=%2Fwp%2Fv2%2Ftags&post=8204"}],"curies":[{"name":"wp","href":"https:\/\/api.w.org\/{rel}","templated":true}]}}