{"id":8159,"date":"2022-11-11T10:26:00","date_gmt":"2022-11-11T09:26:00","guid":{"rendered":"https:\/\/prahaskolska.200.solutions\/?p=8159"},"modified":"2022-11-11T10:16:55","modified_gmt":"2022-11-11T09:16:55","slug":"vlci-mak-jako-pripominka-tech-kteri-se-jiz-z-fronty-nevratili-dnes-si-pripominame-den-valecnych-veteranu","status":"publish","type":"post","link":"https:\/\/prahaskolska.200.solutions\/?p=8159","title":{"rendered":"Vl\u010d\u00ed m\u00e1k jako p\u0159ipom\u00ednka t\u011bch, kte\u0159\u00ed se z fronty ji\u017e nevr\u00e1tili. Dnes si p\u0159ipom\u00edn\u00e1me Den v\u00e1le\u010dn\u00fdch veter\u00e1n\u016f"},"content":{"rendered":"\n<p><strong>Jako ka\u017ed\u00fd rok, i letos si cel\u00fd sv\u011bt 11. listopadu p\u0159ipom\u00edn\u00e1 Den v\u00e1le\u010dn\u00fdch veter\u00e1n\u016f. Tento den je p\u0159ipom\u00ednkou konce 1. sv\u011btov\u00e9 v\u00e1lky, jednoho z nejhor\u0161\u00edch ozbrojen\u00fdch konflikt\u016f ve sv\u011btov\u00fdch d\u011bjin\u00e1ch. V \u010cesk\u00e9 republice je v\u00fdznamn\u00fdm dnem od roku 2004.<\/strong><\/p>\n\n\n\n<p>11. listopadu 1918 bylo v 11 hodin v \u017eelezni\u010dn\u00edm vag\u00f3nu nedaleko severofrancouzsk\u00e9ho m\u011bsta Compi\u00e9gne uzav\u0159eno p\u0159\u00edm\u011b\u0159\u00ed, kter\u00e9 ukon\u010dilo v\u00edce ne\u017e 4 roky trvaj\u00edc\u00ed sv\u011btov\u00fd konflikt. Sv\u011btovou v\u00e1lku sv\u00fdm podpisem ukon\u010dili z\u00e1stupci st\u00e1t\u016f Dohody a pora\u017een\u00e9ho N\u011bmecka. Celkem si 1. sv\u011btov\u00e1 v\u00e1lka vy\u017e\u00e1dala na 18,5 milionu ob\u011bt\u00ed.<\/p>\n\n\n\n<p>Jako v\u00fdznamn\u00fd den se 11. listopad za\u010dal slavit hned n\u00e1sleduj\u00edc\u00ed rok. V roce 1919 si konec 1. sv\u011btov\u00e9 v\u00e1lky poprv\u00e9 p\u0159ipomn\u011bli lid\u00e9 v dohodov\u00fdch st\u00e1tech, hlavn\u011b ve Francii a Spojen\u00e9m kr\u00e1lovstv\u00ed. Ve stejn\u00e9m roce byl pak 11. listopad v USA vyhl\u00e1\u0161en Dnem p\u0159\u00edm\u011b\u0159\u00ed.<\/p>\n\n\n\n<p>Tento sv\u00e1tek se v\u0161ak v r\u016fzn\u00fdch \u010d\u00e1stech sv\u011bta slav\u00ed r\u016fzn\u00fdm zp\u016fsobem. Rozd\u00edl spo\u010d\u00edv\u00e1 hlavn\u011b v jeho n\u00e1zvu. Jako Den veter\u00e1n\u016f se 11. listopad slav\u00ed zejm\u00e9na ve Spojen\u00fdch st\u00e1tech. Ve Spojen\u00e9m kr\u00e1lovstv\u00ed a v ostatn\u00edch zem\u00edch Commonwealthu se pak slav\u00ed jako Den vzpom\u00ednek. Nejd\u016fle\u017eit\u011bj\u0161\u00edm dnem oslav je ned\u011ble nejbli\u017e\u0161\u00ed datu 11. listopadu, kter\u00e1 se naz\u00fdv\u00e1 Ned\u011bl\u00ed vzpom\u00ednek.<\/p>\n\n\n\n<p>Ve Francii je 11. listopad st\u00e1tn\u00edm sv\u00e1tkem od roku 1922. Tehdy byl u V\u00edt\u011bzn\u00e9ho oblouku v Pa\u0159\u00ed\u017ei zalo\u017een hrob nezn\u00e1m\u00e9ho voj\u00edna slou\u017e\u00edc\u00ed jako vzpom\u00ednka na v\u0161echny voj\u00e1ky padl\u00e9 za vlast. <\/p>\n\n\n\n<p>Symbolem oslav konce 1. sv\u011btov\u00e9 v\u00e1lky je vl\u010d\u00ed m\u00e1k. Jeho symbolika poch\u00e1z\u00ed z b\u00e1sn\u011b Na flandersk\u00fdch pol\u00edch kanadsk\u00e9ho chirurga Johna McCrae slou\u017e\u00edc\u00edho na z\u00e1padn\u00ed front\u011b. Hlavn\u00edm motivem b\u00e1sn\u011b je \u017eal nad autorov\u00fdmi spolubojovn\u00edky, kte\u0159\u00ed ve v\u00e1lce padli. McCrae slou\u017eil u belgick\u00e9ho m\u011bsta Ypres, kter\u00e9 je zn\u00e1m\u00e9 p\u0159edev\u0161\u00edm pou\u017eit\u00edm jedovat\u00e9ho bojov\u00e9ho plynu. Vl\u010d\u00ed m\u00e1ky tak\u00e9 pokr\u00fdvaly hroby padl\u00fdch na z\u00e1padn\u00ed front\u011b. Vl\u010d\u00ed m\u00e1k jako symbol byl poprv\u00e9 pou\u017eit americkou profesorkou Moinou Michaelovou. <\/p>\n\n\n\n<p>V \u010desk\u00e9m prost\u0159ed\u00ed nebyl nikdy Den veter\u00e1n\u016f p\u0159ipom\u00edn\u00e1n v takov\u00e9m m\u011b\u0159\u00edtku, jako tomu bylo v jin\u00fdch zem\u00edch. D\u016fvodem je mo\u017en\u00e1 i symbolika jin\u00fdch v\u00fdznamn\u00fdch sv\u00e1tk\u016f, kter\u00e9 se v kalend\u00e1\u0159i okolo 11. listopadu nach\u00e1zej\u00ed. Jedn\u00e1 se zejm\u00e9na o 28. \u0159\u00edjen, den v\u00fdro\u010d\u00ed vyhl\u00e1\u0161en\u00ed samostatn\u00e9ho \u010ceskoslovensk\u00e9ho st\u00e1tu. Hlavn\u00ed p\u0159\u00ed\u010dinou v\u0161ak je fakt, \u017ee Rakousko-Uhersko uzav\u0159elo separ\u00e1tn\u00ed m\u00edr se zem\u011bmi Dohody ji\u017e 4. listopadu 1918 a boje na v\u00fdchodn\u00ed front\u011b byly v d\u016fsledku Brestlitevsk\u00e9ho m\u00edru ukon\u010deny ji\u017e 3. b\u0159ezna.<\/p>\n\n\n\n<p>Jako ka\u017ed\u00fd rok, i letos se m\u016f\u017ee ka\u017ed\u00fd zapojit do sb\u00edrky, kter\u00e1 se od 1. do 30. listopadu kon\u00e1 nap\u0159\u00ed\u010d celou \u010ceskou republikou. V r\u00e1mci sb\u00edrky po\u0159\u00e1dan\u00e9 nadac\u00ed Post Bellum lze koup\u00ed makov\u00e9ho kv\u011btu p\u0159isp\u011bt p\u0159\u00edmo veter\u00e1n\u016fm a dal\u0161\u00edm bojovn\u00edk\u016fm za svobodu. Sb\u00edrka se kon\u00e1 na mnoha m\u00edstech, hlavn\u011b se jedn\u00e1 o kav\u00e1rny, obchody, galerie \u010di informa\u010dn\u00ed centra. Od 7. do 11. listopadu je nav\u00edc mo\u017en\u00e9 v ulic\u00edch m\u011bst narazit na dobrovoln\u00edky s kasi\u010dkami. V\u00edce informac\u00ed o sb\u00edrce se dozv\u00edte <a href=\"https:\/\/www.denveteranu.cz\/\">zde<\/a>.<\/p>\n\n\n\n<p>Zdroj obr\u00e1zku: Obr\u00e1zek od u\u017eivatele minka2507 ze slu\u017eby <a href=\"https:\/\/pixabay.com\/cs\/photos\/vl\u010d%C3%AD-m\u00e1k-kv\u011btiny-pupeny-4287463\/\">Pixabay<\/a>.<\/p>\n","protected":false},"excerpt":{"rendered":"<p>Jako ka\u017ed\u00fd rok, i letos si cel\u00fd sv\u011bt 11. listopadu p\u0159ipom\u00edn\u00e1 Den v\u00e1le\u010dn\u00fdch veter\u00e1n\u016f. Tento den je p\u0159ipom\u00ednkou konce 1. sv\u011btov\u00e9 v\u00e1lky, jednoho z nejhor\u0161\u00edch ozbrojen\u00fdch konflikt\u016f ve sv\u011btov\u00fdch d\u011bjin\u00e1ch. V \u010cesk\u00e9 republice je v\u00fdznamn\u00fdm dnem od roku 2004. 11. listopadu 1918 bylo v 11 hodin v \u017eelezni\u010dn\u00edm vag\u00f3nu nedaleko severofrancouzsk\u00e9ho m\u011bsta Compi\u00e9gne uzav\u0159eno p\u0159\u00edm\u011b\u0159\u00ed, [&hellip;]<\/p>\n","protected":false},"author":24,"featured_media":8162,"comment_status":"open","ping_status":"open","sticky":false,"template":"","format":"standard","meta":{"inline_featured_image":false,"_breakdance_hide_in_design_set":false,"_breakdance_tags":"","footnotes":""},"categories":[64,51,46],"tags":[],"class_list":["post-8159","post","type-post","status-publish","format-standard","has-post-thumbnail","hentry","category-aktualni-deni","category-spolecnost","category-studentske-zpravodajstvi"],"acf":[],"_links":{"self":[{"href":"https:\/\/prahaskolska.200.solutions\/index.php?rest_route=\/wp\/v2\/posts\/8159","targetHints":{"allow":["GET"]}}],"collection":[{"href":"https:\/\/prahaskolska.200.solutions\/index.php?rest_route=\/wp\/v2\/posts"}],"about":[{"href":"https:\/\/prahaskolska.200.solutions\/index.php?rest_route=\/wp\/v2\/types\/post"}],"author":[{"embeddable":true,"href":"https:\/\/prahaskolska.200.solutions\/index.php?rest_route=\/wp\/v2\/users\/24"}],"replies":[{"embeddable":true,"href":"https:\/\/prahaskolska.200.solutions\/index.php?rest_route=%2Fwp%2Fv2%2Fcomments&post=8159"}],"version-history":[{"count":5,"href":"https:\/\/prahaskolska.200.solutions\/index.php?rest_route=\/wp\/v2\/posts\/8159\/revisions"}],"predecessor-version":[{"id":8191,"href":"https:\/\/prahaskolska.200.solutions\/index.php?rest_route=\/wp\/v2\/posts\/8159\/revisions\/8191"}],"wp:featuredmedia":[{"embeddable":true,"href":"https:\/\/prahaskolska.200.solutions\/index.php?rest_route=\/wp\/v2\/media\/8162"}],"wp:attachment":[{"href":"https:\/\/prahaskolska.200.solutions\/index.php?rest_route=%2Fwp%2Fv2%2Fmedia&parent=8159"}],"wp:term":[{"taxonomy":"category","embeddable":true,"href":"https:\/\/prahaskolska.200.solutions\/index.php?rest_route=%2Fwp%2Fv2%2Fcategories&post=8159"},{"taxonomy":"post_tag","embeddable":true,"href":"https:\/\/prahaskolska.200.solutions\/index.php?rest_route=%2Fwp%2Fv2%2Ftags&post=8159"}],"curies":[{"name":"wp","href":"https:\/\/api.w.org\/{rel}","templated":true}]}}