{"id":8142,"date":"2022-11-10T10:21:00","date_gmt":"2022-11-10T09:21:00","guid":{"rendered":"https:\/\/prahaskolska.200.solutions\/?p=8142"},"modified":"2022-12-28T16:20:02","modified_gmt":"2022-12-28T15:20:02","slug":"tip-na-vystavu-nahlednete-do-magickeho-socharskeho-atelieru-ktery-neni-volne-pristupny","status":"publish","type":"post","link":"https:\/\/prahaskolska.200.solutions\/?p=8142","title":{"rendered":"Tip na v\u00fdstavu: nahl\u00e9dn\u011bte do magick\u00e9ho socha\u0159sk\u00e9ho ateli\u00e9ru, kter\u00fd nen\u00ed voln\u011b p\u0159\u00edstupn\u00fd"},"content":{"rendered":"\n<p><strong>V galerii Art Francesco se kon\u00e1 v\u00fdstava Genius Loci, Kafk\u00e1rna, kter\u00e1 dokumentuje ve\u0159ejnosti nep\u0159\u00edstupn\u00fd socha\u0159sk\u00fd ateli\u00e9r. D\u00edky m\u00fdm fotografi\u00edm do n\u011bj m\u016f\u017eete nahl\u00e9dnout i vy.<\/strong><\/p>\n\n\n\n<p>Mezi um\u011blci se legend\u00e1rn\u00edmu ateli\u00e9ru Bohumila Kafky, mimo jin\u00e9 autora \u017di\u017ekova pomn\u00edku na pra\u017esk\u00e9m \u017di\u017ekov\u011b, p\u0159ezd\u00edv\u00e1 Kafk\u00e1rna. Na fotografi\u00edch se mi poda\u0159ilo zachytit jedine\u010dnou atmosf\u00e9ru tohoto um\u011bleck\u00e9ho prost\u0159ed\u00ed.<\/p>\n\n\n\n<figure class=\"wp-block-gallery has-nested-images columns-default is-cropped wp-block-gallery-1 is-layout-flex wp-block-gallery-is-layout-flex\">\n<figure class=\"wp-block-image size-large\"><img loading=\"lazy\" decoding=\"async\" width=\"1024\" height=\"683\" data-id=\"8148\" src=\"https:\/\/prahaskolska.200.solutions\/wp-content\/uploads\/2022\/11\/DSCF9108b-1024x683.jpg\" alt=\"\" class=\"wp-image-8148\" srcset=\"https:\/\/prahaskolska.200.solutions\/wp-content\/uploads\/2022\/11\/DSCF9108b-1024x683.jpg 1024w, https:\/\/prahaskolska.200.solutions\/wp-content\/uploads\/2022\/11\/DSCF9108b-300x200.jpg 300w, https:\/\/prahaskolska.200.solutions\/wp-content\/uploads\/2022\/11\/DSCF9108b-768x512.jpg 768w, https:\/\/prahaskolska.200.solutions\/wp-content\/uploads\/2022\/11\/DSCF9108b-1536x1024.jpg 1536w, https:\/\/prahaskolska.200.solutions\/wp-content\/uploads\/2022\/11\/DSCF9108b-2048x1365.jpg 2048w\" sizes=\"auto, (max-width: 1024px) 100vw, 1024px\" \/><\/figure>\n<\/figure>\n\n\n\n<p>Hned u branky m\u00e1 \u010dlov\u011bk pocit, \u017ee vstupuje do jin\u00e9ho sv\u011bta. \u010clov\u011bk tam opatrn\u011b na\u0161lapuje na tr\u00e1vu mezi kr\u00e1sn\u00fdmi fragmenty soch, kter\u00e9 v\u00e1m p\u0159ipadaj\u00ed dokonal\u00e9. P\u0159esto se ale povaluj\u00ed venku v zahrad\u011b, kde \u010del\u00ed zim\u011b a de\u0161ti, proto\u017ee se jejich tv\u016frc\u016fm nezd\u00e1ly dost dobr\u00e9. Zahrada je rozs\u00e1hl\u00e1, a a\u010dkoliv jsem se j\u00ed sna\u017eila proj\u00edt celou, v\u017edycky jsem narazila na n\u011bjak\u00e9 nov\u00e9 z\u00e1kout\u00ed a nechala jsem se un\u00e1\u0161et roztodivn\u00fdmi z\u00e1ti\u0161\u00edmi, kter\u00e1 jsem dokumentovala. Kafk\u00e1rna takov\u00fdch m\u00edst nab\u00edz\u00ed stovky.<\/p>\n\n\n\n<figure class=\"wp-block-gallery has-nested-images columns-default is-cropped wp-block-gallery-2 is-layout-flex wp-block-gallery-is-layout-flex\">\n<figure class=\"wp-block-image size-large\"><img loading=\"lazy\" decoding=\"async\" width=\"1024\" height=\"683\" data-id=\"8150\" src=\"https:\/\/prahaskolska.200.solutions\/wp-content\/uploads\/2022\/11\/DSCF9094b-1024x683.jpg\" alt=\"\" class=\"wp-image-8150\" srcset=\"https:\/\/prahaskolska.200.solutions\/wp-content\/uploads\/2022\/11\/DSCF9094b-1024x683.jpg 1024w, https:\/\/prahaskolska.200.solutions\/wp-content\/uploads\/2022\/11\/DSCF9094b-300x200.jpg 300w, https:\/\/prahaskolska.200.solutions\/wp-content\/uploads\/2022\/11\/DSCF9094b-768x512.jpg 768w, https:\/\/prahaskolska.200.solutions\/wp-content\/uploads\/2022\/11\/DSCF9094b-1536x1024.jpg 1536w, https:\/\/prahaskolska.200.solutions\/wp-content\/uploads\/2022\/11\/DSCF9094b-2048x1365.jpg 2048w\" sizes=\"auto, (max-width: 1024px) 100vw, 1024px\" \/><\/figure>\n\n\n\n<figure class=\"wp-block-image size-large\"><img loading=\"lazy\" decoding=\"async\" width=\"1024\" height=\"683\" data-id=\"8151\" src=\"https:\/\/prahaskolska.200.solutions\/wp-content\/uploads\/2022\/11\/DSCF9083b-1-1024x683.jpg\" alt=\"\" class=\"wp-image-8151\" srcset=\"https:\/\/prahaskolska.200.solutions\/wp-content\/uploads\/2022\/11\/DSCF9083b-1-1024x683.jpg 1024w, https:\/\/prahaskolska.200.solutions\/wp-content\/uploads\/2022\/11\/DSCF9083b-1-300x200.jpg 300w, https:\/\/prahaskolska.200.solutions\/wp-content\/uploads\/2022\/11\/DSCF9083b-1-768x512.jpg 768w, https:\/\/prahaskolska.200.solutions\/wp-content\/uploads\/2022\/11\/DSCF9083b-1-1536x1024.jpg 1536w, https:\/\/prahaskolska.200.solutions\/wp-content\/uploads\/2022\/11\/DSCF9083b-1-2048x1365.jpg 2048w\" sizes=\"auto, (max-width: 1024px) 100vw, 1024px\" \/><\/figure>\n<\/figure>\n\n\n\n<p>Sou\u010d\u00e1st\u00ed are\u00e1lu je i vnit\u0159n\u00ed prostor, skl\u00e1daj\u00edc\u00ed se z r\u016fzn\u011b velk\u00fdch z\u00e1kout\u00ed a m\u00edstnost\u00ed, kter\u00e9 se podobn\u011b jako zahrada p\u0159ekvapiv\u011b a podivn\u011b propojuj\u00ed a \u00fast\u00ed jedna v druhou. V nejv\u011bt\u0161\u00ed z nich bylo uprost\u0159ed, mezi lic\u00edmi formami a bal\u00edky se s\u00e1drou, star\u00e9, prachem pokryt\u00e9 piano. Kdy posledn\u011b na n\u011bj n\u011bkdo hr\u00e1l? Byl to den, m\u011bs\u00edc, nebo rok?<\/p>\n\n\n\n<figure class=\"wp-block-gallery has-nested-images columns-default is-cropped wp-block-gallery-3 is-layout-flex wp-block-gallery-is-layout-flex\">\n<figure class=\"wp-block-image size-large\"><img loading=\"lazy\" decoding=\"async\" width=\"1024\" height=\"683\" data-id=\"8154\" src=\"https:\/\/prahaskolska.200.solutions\/wp-content\/uploads\/2022\/11\/DSCF9085-1-1024x683.jpg\" alt=\"\" class=\"wp-image-8154\" srcset=\"https:\/\/prahaskolska.200.solutions\/wp-content\/uploads\/2022\/11\/DSCF9085-1-1024x683.jpg 1024w, https:\/\/prahaskolska.200.solutions\/wp-content\/uploads\/2022\/11\/DSCF9085-1-300x200.jpg 300w, https:\/\/prahaskolska.200.solutions\/wp-content\/uploads\/2022\/11\/DSCF9085-1-768x512.jpg 768w, https:\/\/prahaskolska.200.solutions\/wp-content\/uploads\/2022\/11\/DSCF9085-1-1536x1024.jpg 1536w, https:\/\/prahaskolska.200.solutions\/wp-content\/uploads\/2022\/11\/DSCF9085-1-2048x1365.jpg 2048w\" sizes=\"auto, (max-width: 1024px) 100vw, 1024px\" \/><\/figure>\n\n\n\n<figure class=\"wp-block-image size-large\"><img loading=\"lazy\" decoding=\"async\" width=\"1024\" height=\"683\" data-id=\"8155\" src=\"https:\/\/prahaskolska.200.solutions\/wp-content\/uploads\/2022\/11\/DSCF9094b-2-1024x683.jpg\" alt=\"\" class=\"wp-image-8155\" srcset=\"https:\/\/prahaskolska.200.solutions\/wp-content\/uploads\/2022\/11\/DSCF9094b-2-1024x683.jpg 1024w, https:\/\/prahaskolska.200.solutions\/wp-content\/uploads\/2022\/11\/DSCF9094b-2-300x200.jpg 300w, https:\/\/prahaskolska.200.solutions\/wp-content\/uploads\/2022\/11\/DSCF9094b-2-768x512.jpg 768w, https:\/\/prahaskolska.200.solutions\/wp-content\/uploads\/2022\/11\/DSCF9094b-2-1536x1024.jpg 1536w, https:\/\/prahaskolska.200.solutions\/wp-content\/uploads\/2022\/11\/DSCF9094b-2-2048x1365.jpg 2048w\" sizes=\"auto, (max-width: 1024px) 100vw, 1024px\" \/><\/figure>\n<\/figure>\n\n\n\n<p>Sou\u010d\u00e1st\u00ed toho v\u0161eho byl velk\u00fd ,,um\u011bleck\u00fd nepo\u0159\u00e1dek\u2018\u2018. Ale n\u011bco mi na n\u011bm p\u0159i\u0161lo zvl\u00e1\u0161tn\u00ed. A\u017e po tom, co jsem opustila Kafk\u00e1rnu a \u0161la jsem dom\u016f, jsem na to p\u0159i\u0161la. Nepo\u0159\u00e1dek v kafk\u00e1rn\u011b je toti\u017e vytvo\u0159en s velik\u00fdm, obdivuhodn\u00fdm citem.<\/p>\n\n\n\n<figure class=\"wp-block-gallery has-nested-images columns-default is-cropped wp-block-gallery-4 is-layout-flex wp-block-gallery-is-layout-flex\">\n<figure class=\"wp-block-image size-large\"><img loading=\"lazy\" decoding=\"async\" width=\"1024\" height=\"683\" data-id=\"8156\" src=\"https:\/\/prahaskolska.200.solutions\/wp-content\/uploads\/2022\/11\/DSCF9106c-1024x683.jpg\" alt=\"\" class=\"wp-image-8156\" srcset=\"https:\/\/prahaskolska.200.solutions\/wp-content\/uploads\/2022\/11\/DSCF9106c-1024x683.jpg 1024w, https:\/\/prahaskolska.200.solutions\/wp-content\/uploads\/2022\/11\/DSCF9106c-300x200.jpg 300w, https:\/\/prahaskolska.200.solutions\/wp-content\/uploads\/2022\/11\/DSCF9106c-768x512.jpg 768w, https:\/\/prahaskolska.200.solutions\/wp-content\/uploads\/2022\/11\/DSCF9106c-1536x1024.jpg 1536w, https:\/\/prahaskolska.200.solutions\/wp-content\/uploads\/2022\/11\/DSCF9106c-2048x1365.jpg 2048w\" sizes=\"auto, (max-width: 1024px) 100vw, 1024px\" \/><\/figure>\n\n\n\n<figure class=\"wp-block-image size-large\"><img loading=\"lazy\" decoding=\"async\" width=\"1024\" height=\"683\" data-id=\"8157\" src=\"https:\/\/prahaskolska.200.solutions\/wp-content\/uploads\/2022\/11\/DSCF9129b-1-1024x683.jpg\" alt=\"\" class=\"wp-image-8157\" srcset=\"https:\/\/prahaskolska.200.solutions\/wp-content\/uploads\/2022\/11\/DSCF9129b-1-1024x683.jpg 1024w, https:\/\/prahaskolska.200.solutions\/wp-content\/uploads\/2022\/11\/DSCF9129b-1-300x200.jpg 300w, https:\/\/prahaskolska.200.solutions\/wp-content\/uploads\/2022\/11\/DSCF9129b-1-768x512.jpg 768w, https:\/\/prahaskolska.200.solutions\/wp-content\/uploads\/2022\/11\/DSCF9129b-1-1536x1024.jpg 1536w, https:\/\/prahaskolska.200.solutions\/wp-content\/uploads\/2022\/11\/DSCF9129b-1-2048x1365.jpg 2048w\" sizes=\"auto, (max-width: 1024px) 100vw, 1024px\" \/><\/figure>\n<\/figure>\n\n\n\n<p>V\u00fdstava je k vid\u011bn\u00ed do 30. listopadu a vstup je zdarma.<\/p>\n\n\n\n<figure class=\"wp-block-gallery has-nested-images columns-default is-cropped wp-block-gallery-5 is-layout-flex wp-block-gallery-is-layout-flex\"><\/figure>\n","protected":false},"excerpt":{"rendered":"<p>V galerii Art Francesco se kon\u00e1 v\u00fdstava Genius Loci, Kafk\u00e1rna, kter\u00e1 dokumentuje ve\u0159ejnosti nep\u0159\u00edstupn\u00fd socha\u0159sk\u00fd ateli\u00e9r. D\u00edky m\u00fdm fotografi\u00edm do n\u011bj m\u016f\u017eete nahl\u00e9dnout i vy. Mezi um\u011blci se legend\u00e1rn\u00edmu ateli\u00e9ru Bohumila Kafky, mimo jin\u00e9 autora \u017di\u017ekova pomn\u00edku na pra\u017esk\u00e9m \u017di\u017ekov\u011b, p\u0159ezd\u00edv\u00e1 Kafk\u00e1rna. Na fotografi\u00edch se mi poda\u0159ilo zachytit jedine\u010dnou atmosf\u00e9ru tohoto um\u011bleck\u00e9ho prost\u0159ed\u00ed. Hned u [&hellip;]<\/p>\n","protected":false},"author":23,"featured_media":8144,"comment_status":"open","ping_status":"open","sticky":false,"template":"","format":"standard","meta":{"inline_featured_image":false,"_breakdance_hide_in_design_set":false,"_breakdance_tags":"","footnotes":""},"categories":[274,109,51,46,110],"tags":[],"class_list":["post-8142","post","type-post","status-publish","format-standard","has-post-thumbnail","hentry","category-fotoreportaz","category-kultura","category-spolecnost","category-studentske-zpravodajstvi","category-zajimavosti-z-prahy"],"acf":[],"_links":{"self":[{"href":"https:\/\/prahaskolska.200.solutions\/index.php?rest_route=\/wp\/v2\/posts\/8142","targetHints":{"allow":["GET"]}}],"collection":[{"href":"https:\/\/prahaskolska.200.solutions\/index.php?rest_route=\/wp\/v2\/posts"}],"about":[{"href":"https:\/\/prahaskolska.200.solutions\/index.php?rest_route=\/wp\/v2\/types\/post"}],"author":[{"embeddable":true,"href":"https:\/\/prahaskolska.200.solutions\/index.php?rest_route=\/wp\/v2\/users\/23"}],"replies":[{"embeddable":true,"href":"https:\/\/prahaskolska.200.solutions\/index.php?rest_route=%2Fwp%2Fv2%2Fcomments&post=8142"}],"version-history":[{"count":2,"href":"https:\/\/prahaskolska.200.solutions\/index.php?rest_route=\/wp\/v2\/posts\/8142\/revisions"}],"predecessor-version":[{"id":8158,"href":"https:\/\/prahaskolska.200.solutions\/index.php?rest_route=\/wp\/v2\/posts\/8142\/revisions\/8158"}],"wp:featuredmedia":[{"embeddable":true,"href":"https:\/\/prahaskolska.200.solutions\/index.php?rest_route=\/wp\/v2\/media\/8144"}],"wp:attachment":[{"href":"https:\/\/prahaskolska.200.solutions\/index.php?rest_route=%2Fwp%2Fv2%2Fmedia&parent=8142"}],"wp:term":[{"taxonomy":"category","embeddable":true,"href":"https:\/\/prahaskolska.200.solutions\/index.php?rest_route=%2Fwp%2Fv2%2Fcategories&post=8142"},{"taxonomy":"post_tag","embeddable":true,"href":"https:\/\/prahaskolska.200.solutions\/index.php?rest_route=%2Fwp%2Fv2%2Ftags&post=8142"}],"curies":[{"name":"wp","href":"https:\/\/api.w.org\/{rel}","templated":true}]}}