{"id":8071,"date":"2022-12-30T10:33:00","date_gmt":"2022-12-30T09:33:00","guid":{"rendered":"https:\/\/prahaskolska.200.solutions\/?p=8071"},"modified":"2022-12-28T21:34:42","modified_gmt":"2022-12-28T20:34:42","slug":"typograf-graficky-designer-emeritni-rektor-umprum-pripomenme-si-osobnost-zdenka-zieglera-ktery-nedavno-oslavil-90-narozeniny","status":"publish","type":"post","link":"https:\/\/prahaskolska.200.solutions\/?p=8071","title":{"rendered":"Typograf, grafick\u00fd design\u00e9r, emeritn\u00ed rektor UMPRUM. P\u0159ipome\u0148me si osobnost Zde\u0148ka Zieglera, kter\u00fd ned\u00e1vno oslavil 90. narozeniny."},"content":{"rendered":"\n<p><strong>Je jedn\u00edm z p\u0159edn\u00edch \u010desk\u00fdch grafick\u00fdch design\u00e9r\u016f, p\u0159esto svoji tvorbu nepova\u017euje za um\u011bn\u00ed. Jeho pr\u00e1ci bychom na\u0161li v mnoha sv\u011btov\u00fdch muze\u00edch, mezi n\u011b\u017e pat\u0159\u00ed kup\u0159. Newyorsk\u00e9 MOMA \u010di Design Museum v Curychu.<\/strong><\/p>\n\n\n\n<p>Zden\u011bk Ziegler se narodil 27. \u0159\u00edjna 1932 v Praze. Vystudoval architekturu na pra\u017esk\u00e9m \u010cVUT. I kdy\u017e by se mohlo na prvn\u00ed pohled zd\u00e1t, \u017ee toho architektura nem\u00e1 s grafick\u00fdm designem mnoho spole\u010dn\u00e9ho, s\u00e1m um\u011blec tvrd\u00ed, \u017ee to nen\u00ed tak docela pravda. ,,<em>Tak jako n\u011bkdo pracuje s cihlou, j\u00e1 pracuji s p\u00edsmeny. Je to kr\u00e1sn\u00fd obor, kde z\u00edsk\u00e1te spoustu mo\u017enost\u00ed<\/em>\u2018\u2018, \u0159\u00edk\u00e1. Ji\u017e v dob\u011b sv\u00e9ho studia za\u010d\u00edn\u00e1 pracovat na sv\u00fdch prvn\u00edch reklamn\u00edch zak\u00e1zk\u00e1ch.<\/p>\n\n\n\n<p>V \u0161edes\u00e1t\u00fdch letech se dost\u00e1v\u00e1 do Svazu um\u011blc\u016f a za\u010d\u00edn\u00e1 pracovat na voln\u00e9 noze. Poprv\u00e9 se dost\u00e1v\u00e1 k typografick\u00e9mu zpracov\u00e1n\u00ed knih a k n\u00e1vrh\u016fm filmov\u00fdch plak\u00e1t\u016f. Typick\u00fdm prvkem pro jeho tvorbu je pou\u017eit\u00ed v\u00edce druh\u016f p\u00edsma v r\u00e1mci jednoho plak\u00e1tu. Podle Zieglera to nen\u00ed typografick\u00fd p\u0159estupek, s jednotliv\u00fdmi druhy p\u00edsem se ale mus\u00ed um\u011bt zach\u00e1zet s citem. V r\u00e1mci n\u00e1vrh\u016f filmov\u00fdch plak\u00e1t\u016f Ziegler spolupracoval s \u0159adou re\u017eis\u00e9r\u016f, mimo jin\u00e9 nap\u0159. s Karlem Zemanem, Franti\u0161kem Vl\u00e1\u010dilem \u010di Ji\u0159\u00edm Menzelem.<\/p>\n\n\n\n<p>Prvn\u00ed navr\u017een\u00fd plak\u00e1t pro Karla Zemana byl k filmu Ukraden\u00e1 vzducholo\u010f. Sv\u011btozn\u00e1m\u00e9ho \u010desk\u00e9ho re\u017eis\u00e9ra nadchla Zieglerova tvorba natolik, \u017ee spolu nav\u00e1zali dlouhodobou spolupr\u00e1ci. Od t\u00e9 doby navrhoval Zden\u011bk Ziegler plak\u00e1ty ke v\u0161em Zemanov\u00fdm film\u016fm. R\u00e1d na celou spolupr\u00e1ci vzpom\u00edn\u00e1, zat\u00edmco Zemana bavila neutuchaj\u00edc\u00ed typografova kreativita, Ziegler tajil dech nad re\u017eis\u00e9rov\u00fdmi pap\u00edrov\u00fdmi modely p\u0159ipravovan\u00fdmi pro dal\u0161\u00ed filmov\u00e9 sn\u00edmky.<\/p>\n\n\n\n<p>Druh\u00fdm odv\u011btv\u00edm, kter\u00e9mu se Ziegler v\u011bnoval, byla typografie knihy. Spolupracoval (a dodnes spolupracuje) s \u0159adou nakladatelstv\u00ed \u2013 Odeon, Svoboda, Mlad\u00e1 fronta a dal\u0161\u00ed. <\/p>\n\n\n\n<p>Zaj\u00edmav\u00fd \u00fakol Ziegler dostal od \u010desk\u00fdch filozof\u016f Petra Rezka a Ale\u0161e Havl\u00ed\u010dka. Ti se toti\u017e v devades\u00e1t\u00fdch letech rozhodli, \u017ee za\u010dnou vyd\u00e1vat Plat\u00f3novy spisy a cht\u011bli, aby jim v t\u00e9 dob\u011b ji\u017e velmi zn\u00e1m\u00fd Ziegler navrhl jednoduchou ob\u00e1lku k zmi\u0148ovan\u00fdm knih\u00e1m. Tento n\u00e1pad se ujal a celou kolekci Plat\u00f3na zdob\u00ed tento kr\u00e1sn\u00fd design. Zaj\u00edmav\u00e9 je, \u017ee spisy proslul\u00e9ho filozofa i dnes vych\u00e1zej\u00ed v t\u00e9\u017ee nad\u010dasov\u00e9, typografick\u00e9 \u00faprav\u011b od Zde\u0148ka Zieglera.<\/p>\n\n\n\n<p>Za svoji plak\u00e1tovou a kni\u017en\u00ed tvorbu z\u00edskal Zden\u011bk Ziegler nespo\u010det ocen\u011bn\u00ed a byl uveden do S\u00edn\u011b sl\u00e1vy Czech Grand Designu. Mysl\u00edm si ale, \u017ee ten prav\u00fd d\u016fvod, pro\u010d si Zde\u0148ka Zieglera v\u00e1\u017eit, le\u017e\u00ed n\u011bkde \u00fapln\u011b jinde. Pokora, se<br>kterou ke svoj\u00ed sv\u011btozn\u00e1m\u00e9 tvorb\u011b p\u0159istupuje, by pro mnoho jin\u00fdch um\u011blc\u016f m\u011bla b\u00fdt p\u0159\u00edkladem, a j\u00e1 si<br>ho za to velmi v\u00e1\u017e\u00edm.<\/p>\n\n\n\n<p>Zdroj obr\u00e1zku: Autor: Jind\u0159ich Nosek (NoJin) \u2013 Vlastn\u00ed d\u00edlo, CC BY-SA 4.0, https:\/\/commons.wikimedia.org\/w\/index.php?curid=87257444<\/p>\n","protected":false},"excerpt":{"rendered":"<p>Je jedn\u00edm z p\u0159edn\u00edch \u010desk\u00fdch grafick\u00fdch design\u00e9r\u016f, p\u0159esto svoji tvorbu nepova\u017euje za um\u011bn\u00ed. Jeho pr\u00e1ci bychom na\u0161li v mnoha sv\u011btov\u00fdch muze\u00edch, mezi n\u011b\u017e pat\u0159\u00ed kup\u0159. Newyorsk\u00e9 MOMA \u010di Design Museum v Curychu. Zden\u011bk Ziegler se narodil 27. \u0159\u00edjna 1932 v Praze. Vystudoval architekturu na pra\u017esk\u00e9m \u010cVUT. I kdy\u017e by se mohlo na prvn\u00ed pohled zd\u00e1t, [&hellip;]<\/p>\n","protected":false},"author":23,"featured_media":8967,"comment_status":"open","ping_status":"open","sticky":false,"template":"","format":"standard","meta":{"inline_featured_image":false,"_breakdance_hide_in_design_set":false,"_breakdance_tags":"","footnotes":""},"categories":[109,51,46],"tags":[],"class_list":["post-8071","post","type-post","status-publish","format-standard","has-post-thumbnail","hentry","category-kultura","category-spolecnost","category-studentske-zpravodajstvi"],"acf":[],"_links":{"self":[{"href":"https:\/\/prahaskolska.200.solutions\/index.php?rest_route=\/wp\/v2\/posts\/8071","targetHints":{"allow":["GET"]}}],"collection":[{"href":"https:\/\/prahaskolska.200.solutions\/index.php?rest_route=\/wp\/v2\/posts"}],"about":[{"href":"https:\/\/prahaskolska.200.solutions\/index.php?rest_route=\/wp\/v2\/types\/post"}],"author":[{"embeddable":true,"href":"https:\/\/prahaskolska.200.solutions\/index.php?rest_route=\/wp\/v2\/users\/23"}],"replies":[{"embeddable":true,"href":"https:\/\/prahaskolska.200.solutions\/index.php?rest_route=%2Fwp%2Fv2%2Fcomments&post=8071"}],"version-history":[{"count":5,"href":"https:\/\/prahaskolska.200.solutions\/index.php?rest_route=\/wp\/v2\/posts\/8071\/revisions"}],"predecessor-version":[{"id":8970,"href":"https:\/\/prahaskolska.200.solutions\/index.php?rest_route=\/wp\/v2\/posts\/8071\/revisions\/8970"}],"wp:featuredmedia":[{"embeddable":true,"href":"https:\/\/prahaskolska.200.solutions\/index.php?rest_route=\/wp\/v2\/media\/8967"}],"wp:attachment":[{"href":"https:\/\/prahaskolska.200.solutions\/index.php?rest_route=%2Fwp%2Fv2%2Fmedia&parent=8071"}],"wp:term":[{"taxonomy":"category","embeddable":true,"href":"https:\/\/prahaskolska.200.solutions\/index.php?rest_route=%2Fwp%2Fv2%2Fcategories&post=8071"},{"taxonomy":"post_tag","embeddable":true,"href":"https:\/\/prahaskolska.200.solutions\/index.php?rest_route=%2Fwp%2Fv2%2Ftags&post=8071"}],"curies":[{"name":"wp","href":"https:\/\/api.w.org\/{rel}","templated":true}]}}