{"id":8047,"date":"2022-10-31T10:16:00","date_gmt":"2022-10-31T09:16:00","guid":{"rendered":"https:\/\/prahaskolska.200.solutions\/?p=8047"},"modified":"2022-10-30T10:27:16","modified_gmt":"2022-10-30T09:27:16","slug":"dalsi-krok-k-dostupnejsimu-bydleni-v-holesovicich-vznikne-unikatni-novostavba","status":"publish","type":"post","link":"https:\/\/prahaskolska.200.solutions\/?p=8047","title":{"rendered":"Dal\u0161\u00ed krok k dostupn\u011bj\u0161\u00edmu bydlen\u00ed. V Hole\u0161ovic\u00edch vznikne unik\u00e1tn\u00ed novostavba"},"content":{"rendered":"\n<p><strong>Velk\u00fd prostor b\u00fdval\u00e9ho n\u00e1kladov\u00e9ho n\u00e1dra\u017e\u00ed Bubny-Z\u00e1tory se v budoucnu stane m\u00edstem jednoho z nejv\u011bt\u0161\u00edch urbanistick\u00fdch po\u010din\u016f v historii Prahy. Podoba jednoho z d\u00edl\u010d\u00edch projekt\u016f je n\u00e1m ji\u017e nyn\u00ed zn\u00e1ma.<\/strong><\/p>\n\n\n\n<p>Praha 7 v minulosti vyhl\u00e1sila architektonickou sout\u011b\u017e na nov\u00fd bytov\u00fd d\u016fm na rohu ulic \u017delezni\u010d\u00e1\u0159\u016f a Za Pap\u00edrnou. V\u00edt\u011bzem se stalo architektonick\u00e9 studio Apropos s n\u00e1vrhem cihlov\u00e9ho domu s malometr\u00e1\u017en\u00edmi byty.<\/p>\n\n\n\n<p>Prostor, na n\u011bm\u017e M\u011bstsk\u00fd d\u016fm &#8222;Za Pap\u00edrnou&#8220; vznikne, je nyn\u00ed vcelku nehostinn\u00fdm prostranstv\u00edm na m\u00edst\u011b nedostav\u011bn\u00e9ho bloku b\u00fdval\u00e9 pap\u00edrny. V budoucnu se v\u0161ak toto \u00fazem\u00ed stane sou\u010d\u00e1st\u00ed obrovsk\u00e9ho projektu propojuj\u00edc\u00edho \u010dtvrti Letn\u00e1 a Hole\u0161ovice. V\u00edce o t\u00e9matu jsme psali <a href=\"https:\/\/prahaskolska.200.solutions\/na-uzemi-nejvetsiho-prazskeho-brownfieldu-vznikne-nova-ctvrt-pro-tisice-lidi\/\">zde<\/a>.<\/p>\n\n\n\n<p>Auto\u0159i nov\u00e9ho bytov\u00e9ho domu cht\u011bli se sv\u00fdm projektem nav\u00e1zat na starou hole\u0161ovickou z\u00e1stavbu. Budova tak bude sv\u00fdm vzhledem do okoln\u00edho prost\u0159ed\u00ed skv\u011ble zapadat. Architekti tak\u00e9 po\u010d\u00edtaj\u00ed s budouc\u00edm zazelen\u00edm a celkov\u00fdm zklidn\u011bn\u00edm okoln\u00ed oblasti.<\/p>\n\n\n\n<p>Unik\u00e1tn\u00edm prvkem nov\u00e9ho domu se stane spole\u010densk\u00e1 m\u00edstnost s kuchyn\u00ed, ze kter\u00e9 se n\u00e1jemn\u00edci dostanou na spole\u010dnou st\u0159e\u0161n\u00ed terasu. Na st\u0159e\u0161e bude krom\u011b posezen\u00ed tak\u00e9 mo\u017enost komunitn\u00ed zahrady, tak\u017ee obyvatel\u00e9 si budou moci sami vyp\u011bstovat vlastn\u00ed bylinky \u010di zeleninu. <\/p>\n\n\n\n<p>Samoz\u0159ejmost\u00ed jsou pl\u00e1novan\u00e9 sol\u00e1rn\u00ed panely, jen\u017e obyvatel\u016fm poskytnou vlastn\u00ed zdroj elekt\u0159iny. Sou\u010d\u00e1st\u00ed syst\u00e9mu budou tak\u00e9 podzemn\u00ed baterie ur\u010den\u00e9 k ukl\u00e1d\u00e1n\u00ed p\u0159ebyte\u010dn\u00e9 energie. Ukl\u00e1dat se v\u0161ak nebude pouze elekt\u0159ina, ale tak\u00e9 voda. N\u00e1vrh domu toti\u017e disponuje reten\u010dn\u00edmI n\u00e1dr\u017eemi na de\u0161\u0165ovku, kterou n\u00e1jemnici vyu\u017eij\u00ed na splachov\u00e1n\u00ed toalet \u010di zal\u00e9v\u00e1n\u00ed zahr\u00e1dky.<\/p>\n\n\n\n<p>V\u011bt\u0161ina byt\u016f, kter\u00e9 v novostavb\u011b vzniknou, bude o velikosti 30 metr\u016f \u010dtvere\u010dn\u00edch. D\u016fm je v\u0161ak unik\u00e1tn\u00ed tzv. modul\u00e1rn\u00ed strukturou, d\u00edky kter\u00e9 bude mo\u017en\u00e9 dispozice jednotliv\u00fdch byt\u016f jednodu\u0161e m\u011bnit. 30 procent bytov\u00fdch jednotek bude bezbari\u00e9rov\u00fdch.<\/p>\n\n\n\n<p>A pro koho budou jednotliv\u00e9 byty ur\u010deny? Nov\u00fd domov zde naleznou hlavn\u011b senio\u0159i, samo\u017eivitel\u00e9 \u010di osoby se zdravotn\u00edm posti\u017een\u00edm. Sou\u010d\u00e1st\u00ed domu budou tak\u00e9 byty pro u\u010ditele, hasi\u010de \u010di zdravotn\u00ed sestry. Mlad\u00e9 rodiny mohou d\u016fm vyu\u017e\u00edt k tzv. startovac\u00edmu bydlen\u00ed.<\/p>\n\n\n\n<p>Novostavba se vyzna\u010duje velk\u00fdm d\u016frazem na soci\u00e1ln\u00ed ot\u00e1zku a komunitn\u00ed \u017eivot. Sou\u010d\u00e1st\u00ed projektu jsou tedy tak\u00e9 pavla\u010de \u010di komunitn\u00ed m\u00edstnost v p\u0159\u00edzem\u00ed. <\/p>\n\n\n\n<p>Nov\u00fd d\u016fm je reakc\u00ed na zvy\u0161uj\u00edc\u00ed se n\u00e1klady na bydlen\u00ed. N\u00e1klady na v\u00fdstavbu by m\u011bly b\u00fdt pokryty z Fondu rozvoje dostupn\u00e9ho bydlen\u00ed. S realizac\u00ed se po\u010d\u00edt\u00e1 do \u010dty\u0159 let.<\/p>\n\n\n\n<p>Zdroj obr\u00e1zku: <a href=\"https:\/\/aproposarchitects.com\/cs\/project\/mestsky-dum-za-papirnou\/#&amp;gid=1&amp;pid=1\">Apropos Architects<\/a><\/p>\n\n\n\n<p><\/p>\n","protected":false},"excerpt":{"rendered":"<p>Velk\u00fd prostor b\u00fdval\u00e9ho n\u00e1kladov\u00e9ho n\u00e1dra\u017e\u00ed Bubny-Z\u00e1tory se v budoucnu stane m\u00edstem jednoho z nejv\u011bt\u0161\u00edch urbanistick\u00fdch po\u010din\u016f v historii Prahy. Podoba jednoho z d\u00edl\u010d\u00edch projekt\u016f je n\u00e1m ji\u017e nyn\u00ed zn\u00e1ma. Praha 7 v minulosti vyhl\u00e1sila architektonickou sout\u011b\u017e na nov\u00fd bytov\u00fd d\u016fm na rohu ulic \u017delezni\u010d\u00e1\u0159\u016f a Za Pap\u00edrnou. V\u00edt\u011bzem se stalo architektonick\u00e9 studio Apropos s n\u00e1vrhem [&hellip;]<\/p>\n","protected":false},"author":24,"featured_media":8049,"comment_status":"open","ping_status":"open","sticky":false,"template":"","format":"standard","meta":{"inline_featured_image":false,"_breakdance_hide_in_design_set":false,"_breakdance_tags":"","footnotes":""},"categories":[247,51,46,110],"tags":[],"class_list":["post-8047","post","type-post","status-publish","format-standard","has-post-thumbnail","hentry","category-architektura","category-spolecnost","category-studentske-zpravodajstvi","category-zajimavosti-z-prahy"],"acf":[],"_links":{"self":[{"href":"https:\/\/prahaskolska.200.solutions\/index.php?rest_route=\/wp\/v2\/posts\/8047","targetHints":{"allow":["GET"]}}],"collection":[{"href":"https:\/\/prahaskolska.200.solutions\/index.php?rest_route=\/wp\/v2\/posts"}],"about":[{"href":"https:\/\/prahaskolska.200.solutions\/index.php?rest_route=\/wp\/v2\/types\/post"}],"author":[{"embeddable":true,"href":"https:\/\/prahaskolska.200.solutions\/index.php?rest_route=\/wp\/v2\/users\/24"}],"replies":[{"embeddable":true,"href":"https:\/\/prahaskolska.200.solutions\/index.php?rest_route=%2Fwp%2Fv2%2Fcomments&post=8047"}],"version-history":[{"count":2,"href":"https:\/\/prahaskolska.200.solutions\/index.php?rest_route=\/wp\/v2\/posts\/8047\/revisions"}],"predecessor-version":[{"id":8050,"href":"https:\/\/prahaskolska.200.solutions\/index.php?rest_route=\/wp\/v2\/posts\/8047\/revisions\/8050"}],"wp:featuredmedia":[{"embeddable":true,"href":"https:\/\/prahaskolska.200.solutions\/index.php?rest_route=\/wp\/v2\/media\/8049"}],"wp:attachment":[{"href":"https:\/\/prahaskolska.200.solutions\/index.php?rest_route=%2Fwp%2Fv2%2Fmedia&parent=8047"}],"wp:term":[{"taxonomy":"category","embeddable":true,"href":"https:\/\/prahaskolska.200.solutions\/index.php?rest_route=%2Fwp%2Fv2%2Fcategories&post=8047"},{"taxonomy":"post_tag","embeddable":true,"href":"https:\/\/prahaskolska.200.solutions\/index.php?rest_route=%2Fwp%2Fv2%2Ftags&post=8047"}],"curies":[{"name":"wp","href":"https:\/\/api.w.org\/{rel}","templated":true}]}}