{"id":7954,"date":"2022-10-24T10:00:00","date_gmt":"2022-10-24T08:00:00","guid":{"rendered":"https:\/\/prahaskolska.200.solutions\/?p=7954"},"modified":"2022-10-25T09:32:25","modified_gmt":"2022-10-25T07:32:25","slug":"ohlednuti-za-uplynulym-rocnikem-signal-festivalu","status":"publish","type":"post","link":"https:\/\/prahaskolska.200.solutions\/?p=7954","title":{"rendered":"Ohl\u00e9dnut\u00ed za uplynul\u00fdm ro\u010dn\u00edkem Signal Festivalu"},"content":{"rendered":"\n<p><strong>V ned\u011bli skon\u010dil jubilejn\u00ed 10. ro\u010dn\u00edk Signal Festivalu. Pokud jste se nestihli zaj\u00edt pod\u00edvat, nachystala jsem si pro v\u00e1s malou fotoreport\u00e1\u017e ze zmi\u0148ovan\u00e9 akce. Signal X nab\u00eddl patn\u00e1ct instalac\u00ed na dvou tras\u00e1ch, z nich\u017e jedna vedla centrem Prahy a druh\u00e1 se nach\u00e1zela ve Vr\u0161ovic\u00edch. Vybrala jsem t\u0159i zast\u00e1vky, kter\u00e9 jsem nafotila a popsala v n\u00e1sleduj\u00edc\u00edm \u010dl\u00e1nku.<\/strong><\/p>\n\n\n\n<p><strong>Jan Hladil &#8211; QUADD<\/strong><\/p>\n\n\n\n<p>Zaj\u00edmavou zast\u00e1vkou bylo N\u00e1m\u011bst\u00ed V\u00e1clava Havla, kde svoji tvorbu p\u0159edstavoval \u010desk\u00fd vizu\u00e1ln\u00ed um\u011blec Jan Hladil. Ve sv\u00e9 instalaci se inspiroval \u010d\u00edslem 4, kter\u00e9 je podle n\u011bj \u010d\u00edslem vesm\u00edrn\u00e9ho \u0159\u00e1du. 4 ro\u010dn\u00ed obdob\u00ed, 4 \u017eivly, 4 sv\u011btov\u00e9 strany\u2026 Instalace QUADD m\u00e1 za \u00fakol tuto skute\u010dnost symbolizovat. D\u00edky laseru a polopropustn\u00fdm zrcadl\u016fm vznik\u00e1 origin\u00e1ln\u00ed kompozice sv\u011btla, tmy a skla.<\/p>\n\n\n\n<figure class=\"wp-block-gallery has-nested-images columns-default is-cropped wp-block-gallery-1 is-layout-flex wp-block-gallery-is-layout-flex\">\n<figure class=\"wp-block-image size-large\"><a href=\"https:\/\/prahaskolska.200.solutions\/wp-content\/uploads\/2022\/10\/0V3A1609-2-1.jpg\"><img loading=\"lazy\" decoding=\"async\" width=\"1024\" height=\"683\" data-id=\"7961\" src=\"https:\/\/prahaskolska.200.solutions\/wp-content\/uploads\/2022\/10\/0V3A1609-2-1-1024x683.jpg\" alt=\"\" class=\"wp-image-7961\" srcset=\"https:\/\/prahaskolska.200.solutions\/wp-content\/uploads\/2022\/10\/0V3A1609-2-1-1024x683.jpg 1024w, https:\/\/prahaskolska.200.solutions\/wp-content\/uploads\/2022\/10\/0V3A1609-2-1-300x200.jpg 300w, https:\/\/prahaskolska.200.solutions\/wp-content\/uploads\/2022\/10\/0V3A1609-2-1-768x512.jpg 768w, https:\/\/prahaskolska.200.solutions\/wp-content\/uploads\/2022\/10\/0V3A1609-2-1-1536x1024.jpg 1536w, https:\/\/prahaskolska.200.solutions\/wp-content\/uploads\/2022\/10\/0V3A1609-2-1.jpg 1900w\" sizes=\"auto, (max-width: 1024px) 100vw, 1024px\" \/><\/a><figcaption><strong>Jan Hladil &#8211; QUADD<\/strong><\/figcaption><\/figure>\n\n\n\n<figure class=\"wp-block-image size-large\"><a href=\"https:\/\/prahaskolska.200.solutions\/wp-content\/uploads\/2022\/10\/0V3A1580.jpg\"><img loading=\"lazy\" decoding=\"async\" width=\"1024\" height=\"683\" data-id=\"7962\" src=\"https:\/\/prahaskolska.200.solutions\/wp-content\/uploads\/2022\/10\/0V3A1580-1024x683.jpg\" alt=\"\" class=\"wp-image-7962\" srcset=\"https:\/\/prahaskolska.200.solutions\/wp-content\/uploads\/2022\/10\/0V3A1580-1024x683.jpg 1024w, https:\/\/prahaskolska.200.solutions\/wp-content\/uploads\/2022\/10\/0V3A1580-300x200.jpg 300w, https:\/\/prahaskolska.200.solutions\/wp-content\/uploads\/2022\/10\/0V3A1580-768x512.jpg 768w, https:\/\/prahaskolska.200.solutions\/wp-content\/uploads\/2022\/10\/0V3A1580-1536x1024.jpg 1536w, https:\/\/prahaskolska.200.solutions\/wp-content\/uploads\/2022\/10\/0V3A1580.jpg 1900w\" sizes=\"auto, (max-width: 1024px) 100vw, 1024px\" \/><\/a><figcaption><strong>Jan Hladil &#8211; QUADD<\/strong><\/figcaption><\/figure>\n\n\n\n<figure class=\"wp-block-image size-large is-style-default\"><a href=\"https:\/\/prahaskolska.200.solutions\/wp-content\/uploads\/2022\/10\/image13.jpg\"><img loading=\"lazy\" decoding=\"async\" width=\"1024\" height=\"768\" data-id=\"7963\" src=\"https:\/\/prahaskolska.200.solutions\/wp-content\/uploads\/2022\/10\/image13-1024x768.jpg\" alt=\"\" class=\"wp-image-7963\" srcset=\"https:\/\/prahaskolska.200.solutions\/wp-content\/uploads\/2022\/10\/image13-1024x768.jpg 1024w, https:\/\/prahaskolska.200.solutions\/wp-content\/uploads\/2022\/10\/image13-300x225.jpg 300w, https:\/\/prahaskolska.200.solutions\/wp-content\/uploads\/2022\/10\/image13-768x576.jpg 768w, https:\/\/prahaskolska.200.solutions\/wp-content\/uploads\/2022\/10\/image13-1536x1152.jpg 1536w, https:\/\/prahaskolska.200.solutions\/wp-content\/uploads\/2022\/10\/image13.jpg 1900w\" sizes=\"auto, (max-width: 1024px) 100vw, 1024px\" \/><\/a><figcaption><strong>Jan Hladil &#8211; QUADD<\/strong><\/figcaption><\/figure>\n<\/figure>\n\n\n\n<p><strong>Pavla Beranov\u00e1 a Tereza Bart\u016f\u0148kov\u00e1 &#8211; Krajina levitace<\/strong><\/p>\n\n\n\n<p>C\u00edlem autorsk\u00e9ho dua Terezy Bart\u016f\u0148kov\u00e9 a Pavly Beranov\u00e9 bylo v div\u00e1c\u00edch probudit pocit lehkosti a odpro\u0161t\u011bn\u00ed se od v\u0161eho, co n\u00e1s t\u00e1hne k zemi. Autorky pracovaly s nehmotn\u00fdmi v\u011bcmi, jako je sv\u011btlo, vzduch nebo helium. Pokud u\u017e \u0161lo o fyzick\u00e9 prvky, vybraly si jen vzdu\u0161n\u00e9 a prom\u011bnliv\u00e9 materi\u00e1ly, pr\u016fsvitn\u00e9 l\u00e1tky \u010di ml\u00e9\u010dn\u00e9 f\u00f3lie. Kdy\u017e \u010dlov\u011bk vid\u011bl tuto instalaci plnou sv\u011bteln\u00fdch balon\u016f, jemn\u00fdch l\u00e1tek a vodn\u00ed p\u00e1ry, m\u011bl skute\u010dn\u011b pocit, \u017ee se ocit\u00e1 na hran\u011b snu a reality.<\/p>\n\n\n\n<figure class=\"wp-block-gallery has-nested-images columns-default is-cropped wp-block-gallery-2 is-layout-flex wp-block-gallery-is-layout-flex\">\n<figure class=\"wp-block-image size-large\"><img loading=\"lazy\" decoding=\"async\" width=\"768\" height=\"1024\" data-id=\"7966\" src=\"https:\/\/prahaskolska.200.solutions\/wp-content\/uploads\/2022\/10\/image2-768x1024.jpg\" alt=\"\" class=\"wp-image-7966\" srcset=\"https:\/\/prahaskolska.200.solutions\/wp-content\/uploads\/2022\/10\/image2-768x1024.jpg 768w, https:\/\/prahaskolska.200.solutions\/wp-content\/uploads\/2022\/10\/image2-225x300.jpg 225w, https:\/\/prahaskolska.200.solutions\/wp-content\/uploads\/2022\/10\/image2-1152x1536.jpg 1152w, https:\/\/prahaskolska.200.solutions\/wp-content\/uploads\/2022\/10\/image2.jpg 1425w\" sizes=\"auto, (max-width: 768px) 100vw, 768px\" \/><figcaption><strong>Pavla Beranov\u00e1 a Tereza Bart\u016f\u0148kov\u00e1 &#8211; Krajina levitace<\/strong><\/figcaption><\/figure>\n\n\n\n<figure class=\"wp-block-image size-large\"><img loading=\"lazy\" decoding=\"async\" width=\"1024\" height=\"683\" data-id=\"7967\" src=\"https:\/\/prahaskolska.200.solutions\/wp-content\/uploads\/2022\/10\/0V3A1659-2-1024x683.jpg\" alt=\"\" class=\"wp-image-7967\" srcset=\"https:\/\/prahaskolska.200.solutions\/wp-content\/uploads\/2022\/10\/0V3A1659-2-1024x683.jpg 1024w, https:\/\/prahaskolska.200.solutions\/wp-content\/uploads\/2022\/10\/0V3A1659-2-300x200.jpg 300w, https:\/\/prahaskolska.200.solutions\/wp-content\/uploads\/2022\/10\/0V3A1659-2-768x512.jpg 768w, https:\/\/prahaskolska.200.solutions\/wp-content\/uploads\/2022\/10\/0V3A1659-2-1536x1024.jpg 1536w, https:\/\/prahaskolska.200.solutions\/wp-content\/uploads\/2022\/10\/0V3A1659-2.jpg 1900w\" sizes=\"auto, (max-width: 1024px) 100vw, 1024px\" \/><figcaption><strong>Pavla Beranov\u00e1 a Tereza Bart\u016f\u0148kov\u00e1 &#8211; Krajina levitace<\/strong><\/figcaption><\/figure>\n<\/figure>\n\n\n\n<p><strong>Maxim Vel\u010dovsk\u00fd &#8211; Fyzick\u00e1 mo\u017enost smrti v mysli n\u011bkoho \u017eij\u00edc\u00edho<\/strong><\/p>\n\n\n\n<p>Nejv\u00edce m\u011b zaujala instalace p\u0159edn\u00edho \u010desk\u00e9ho design\u00e9ra a um\u011blce Maxima Vel\u010dovsk\u00e9ho. Nadaci Post Bellum se povedlo p\u0159iv\u00e9zt n\u011bkolik aut z Ruskem okupovan\u00e9 Ukrajiny. Vozy jsou zrezl\u00e9, v dezol\u00e1tn\u00edm stavu, na spoust\u011b z nich jsou vid\u011bt stopy po kulk\u00e1ch. Do jejich interi\u00e9r\u016f autor nainstaloval sv\u011bteln\u00e9 reflektory. T\u00edm umocnil tuto pod\u00edvanou, ze kter\u00e9 v\u0161ak \u010dlov\u011bka jednodu\u0161e mrazilo. Bylo to c\u00edtit i v atmosf\u00e9\u0159e, kter\u00e1 na Mari\u00e1nsk\u00e9m n\u00e1m\u011bst\u00ed vl\u00e1dla. Hlavn\u00edm posl\u00e1n\u00edm t\u00e9to instalace bylo dle slov um\u011blce p\u0159esv\u011bd\u010dit ty, kte\u0159\u00ed v\u00e1lku na Ukrajin\u011b st\u00e1le pop\u00edraj\u00ed. Trouf\u00e1m si \u0159\u00edct, \u017ee nikoho, kdo na m\u00edst\u011b byl takov\u00e1 my\u0161lenka u\u017e nikdy nenapadne.<\/p>\n\n\n\n<figure class=\"wp-block-gallery has-nested-images columns-default is-cropped wp-block-gallery-3 is-layout-flex wp-block-gallery-is-layout-flex\">\n<figure class=\"wp-block-image size-large\"><img loading=\"lazy\" decoding=\"async\" width=\"683\" height=\"1024\" data-id=\"7971\" src=\"https:\/\/prahaskolska.200.solutions\/wp-content\/uploads\/2022\/10\/0V3A1625-683x1024.jpg\" alt=\"\" class=\"wp-image-7971\" srcset=\"https:\/\/prahaskolska.200.solutions\/wp-content\/uploads\/2022\/10\/0V3A1625-683x1024.jpg 683w, https:\/\/prahaskolska.200.solutions\/wp-content\/uploads\/2022\/10\/0V3A1625-200x300.jpg 200w, https:\/\/prahaskolska.200.solutions\/wp-content\/uploads\/2022\/10\/0V3A1625-768x1152.jpg 768w, https:\/\/prahaskolska.200.solutions\/wp-content\/uploads\/2022\/10\/0V3A1625-1024x1536.jpg 1024w, https:\/\/prahaskolska.200.solutions\/wp-content\/uploads\/2022\/10\/0V3A1625.jpg 1267w\" sizes=\"auto, (max-width: 683px) 100vw, 683px\" \/><figcaption><strong>Maxim Vel\u010dovsk\u00fd &#8211; Fyzick\u00e1 mo\u017enost smrti v mysli n\u011bkoho \u017eij\u00edc\u00edho<\/strong><\/figcaption><\/figure>\n\n\n\n<figure class=\"wp-block-image size-large\"><img loading=\"lazy\" decoding=\"async\" width=\"1024\" height=\"768\" data-id=\"7974\" src=\"https:\/\/prahaskolska.200.solutions\/wp-content\/uploads\/2022\/10\/image5-1024x768.jpg\" alt=\"\" class=\"wp-image-7974\" srcset=\"https:\/\/prahaskolska.200.solutions\/wp-content\/uploads\/2022\/10\/image5-1024x768.jpg 1024w, https:\/\/prahaskolska.200.solutions\/wp-content\/uploads\/2022\/10\/image5-300x225.jpg 300w, https:\/\/prahaskolska.200.solutions\/wp-content\/uploads\/2022\/10\/image5-768x576.jpg 768w, https:\/\/prahaskolska.200.solutions\/wp-content\/uploads\/2022\/10\/image5-1536x1152.jpg 1536w, https:\/\/prahaskolska.200.solutions\/wp-content\/uploads\/2022\/10\/image5.jpg 1900w\" sizes=\"auto, (max-width: 1024px) 100vw, 1024px\" \/><figcaption><strong>Maxim Vel\u010dovsk\u00fd &#8211; Fyzick\u00e1 mo\u017enost smrti v mysli n\u011bkoho \u017eij\u00edc\u00edho<\/strong><\/figcaption><\/figure>\n\n\n\n<figure class=\"wp-block-image size-large\"><img loading=\"lazy\" decoding=\"async\" width=\"1024\" height=\"683\" data-id=\"7973\" src=\"https:\/\/prahaskolska.200.solutions\/wp-content\/uploads\/2022\/10\/0V3A1634-1024x683.jpg\" alt=\"\" class=\"wp-image-7973\" srcset=\"https:\/\/prahaskolska.200.solutions\/wp-content\/uploads\/2022\/10\/0V3A1634-1024x683.jpg 1024w, https:\/\/prahaskolska.200.solutions\/wp-content\/uploads\/2022\/10\/0V3A1634-300x200.jpg 300w, https:\/\/prahaskolska.200.solutions\/wp-content\/uploads\/2022\/10\/0V3A1634-768x512.jpg 768w, https:\/\/prahaskolska.200.solutions\/wp-content\/uploads\/2022\/10\/0V3A1634-1536x1024.jpg 1536w, https:\/\/prahaskolska.200.solutions\/wp-content\/uploads\/2022\/10\/0V3A1634.jpg 1900w\" sizes=\"auto, (max-width: 1024px) 100vw, 1024px\" \/><figcaption><strong>Maxim Vel\u010dovsk\u00fd &#8211; Fyzick\u00e1 mo\u017enost smrti v mysli n\u011bkoho \u017eij\u00edc\u00edho<\/strong><\/figcaption><\/figure>\n<\/figure>\n","protected":false},"excerpt":{"rendered":"<p>V ned\u011bli skon\u010dil jubilejn\u00ed 10. ro\u010dn\u00edk Signal Festivalu. Pokud jste se nestihli zaj\u00edt pod\u00edvat, nachystala jsem si pro v\u00e1s malou fotoreport\u00e1\u017e ze zmi\u0148ovan\u00e9 akce. Signal X nab\u00eddl patn\u00e1ct instalac\u00ed na dvou tras\u00e1ch, z nich\u017e jedna vedla centrem Prahy a druh\u00e1 se nach\u00e1zela ve Vr\u0161ovic\u00edch. Vybrala jsem t\u0159i zast\u00e1vky, kter\u00e9 jsem nafotila a popsala v n\u00e1sleduj\u00edc\u00edm [&hellip;]<\/p>\n","protected":false},"author":23,"featured_media":7957,"comment_status":"open","ping_status":"open","sticky":false,"template":"","format":"standard","meta":{"inline_featured_image":false,"_breakdance_hide_in_design_set":false,"_breakdance_tags":"","footnotes":""},"categories":[64,109,51,46,110],"tags":[],"class_list":["post-7954","post","type-post","status-publish","format-standard","has-post-thumbnail","hentry","category-aktualni-deni","category-kultura","category-spolecnost","category-studentske-zpravodajstvi","category-zajimavosti-z-prahy"],"acf":[],"_links":{"self":[{"href":"https:\/\/prahaskolska.200.solutions\/index.php?rest_route=\/wp\/v2\/posts\/7954","targetHints":{"allow":["GET"]}}],"collection":[{"href":"https:\/\/prahaskolska.200.solutions\/index.php?rest_route=\/wp\/v2\/posts"}],"about":[{"href":"https:\/\/prahaskolska.200.solutions\/index.php?rest_route=\/wp\/v2\/types\/post"}],"author":[{"embeddable":true,"href":"https:\/\/prahaskolska.200.solutions\/index.php?rest_route=\/wp\/v2\/users\/23"}],"replies":[{"embeddable":true,"href":"https:\/\/prahaskolska.200.solutions\/index.php?rest_route=%2Fwp%2Fv2%2Fcomments&post=7954"}],"version-history":[{"count":9,"href":"https:\/\/prahaskolska.200.solutions\/index.php?rest_route=\/wp\/v2\/posts\/7954\/revisions"}],"predecessor-version":[{"id":8013,"href":"https:\/\/prahaskolska.200.solutions\/index.php?rest_route=\/wp\/v2\/posts\/7954\/revisions\/8013"}],"wp:featuredmedia":[{"embeddable":true,"href":"https:\/\/prahaskolska.200.solutions\/index.php?rest_route=\/wp\/v2\/media\/7957"}],"wp:attachment":[{"href":"https:\/\/prahaskolska.200.solutions\/index.php?rest_route=%2Fwp%2Fv2%2Fmedia&parent=7954"}],"wp:term":[{"taxonomy":"category","embeddable":true,"href":"https:\/\/prahaskolska.200.solutions\/index.php?rest_route=%2Fwp%2Fv2%2Fcategories&post=7954"},{"taxonomy":"post_tag","embeddable":true,"href":"https:\/\/prahaskolska.200.solutions\/index.php?rest_route=%2Fwp%2Fv2%2Ftags&post=7954"}],"curies":[{"name":"wp","href":"https:\/\/api.w.org\/{rel}","templated":true}]}}