{"id":7859,"date":"2022-10-20T10:27:59","date_gmt":"2022-10-20T08:27:59","guid":{"rendered":"https:\/\/prahaskolska.200.solutions\/?p=7859"},"modified":"2022-10-20T10:28:01","modified_gmt":"2022-10-20T08:28:01","slug":"ikona-modernismu-osada-baba-projde-obnovou","status":"publish","type":"post","link":"https:\/\/prahaskolska.200.solutions\/?p=7859","title":{"rendered":"Ikona modernismu. Osada Baba projde obnovou"},"content":{"rendered":"\n<p>U\u017e jste n\u011bkdy sly\u0161eli n\u011bmeck\u00e9 slovo Werkbund? V meziv\u00e1le\u010dn\u00e9m obdob\u00ed tento n\u00e1zev nesl svaz um\u011blc\u016f, architekt\u016f, designer\u016f \u010di \u0159emesln\u00edk\u016f, kter\u00fd je pova\u017eov\u00e1n za kl\u00ed\u010dov\u00fd z hlediska rozvoje modern\u00ed architektury a designu. Mezi d\u00edla tohoto spolku pat\u0159\u00ed projekt v\u00fdstavby \u0161esti koloni\u00ed, jen\u017e byly postaveny v r\u016fzn\u00fdch \u010d\u00e1stech Evropy. Tyto kolonie m\u011bly nab\u00edzet modern\u00ed a cenov\u011b dostupn\u00e9 bydlen\u00ed ve funkcionalistick\u00e9m stylu. <\/p>\n\n\n\n<p>Jedna z t\u011bchto koloni\u00ed byla postavena tak\u00e9 v Praze. D\u00edky sv\u00e9mu jedine\u010dn\u00e9mu um\u00edst\u011bn\u00ed na kopc\u00edch nad Buben\u010dem si mohou obyvatel\u00e9 t\u011bchto vil u\u017e\u00edvat okouzluj\u00edc\u00ed pohledy na m\u011bsto. Nedaleko se nach\u00e1z\u00ed tak\u00e9 kup\u0159. \u0160\u00e1reck\u00e9 \u00fadol\u00ed \u010di z\u0159\u00edcenina Baba.<\/p>\n\n\n\n<p>V\u00fdstava osady Baba prob\u00edhala na p\u0159elomu 20. a 30. let 20. stolet\u00ed. Jako jedin\u00e1 ze s\u00e9rie koloni\u00ed byla postavena ve form\u011b souboru individu\u00e1ln\u00edch dom\u016f. Na rozd\u00edl od podobn\u00fdch staveb ve V\u00eddni \u010di v N\u011bmecku nedo\u0161lo za v\u00e1lky k jej\u00edmu po\u0161kozen\u00ed, co\u017e je\u0161t\u011b zvy\u0161uje m\u00edru unik\u00e1tnosti t\u00e9to stavby. V roce 2020 se osada do\u010dkala ocen\u011bn\u00ed zna\u010dkou Evropsk\u00e9 d\u011bdictv\u00ed.<\/p>\n\n\n\n<p>Rada hl. m. Prahy nyn\u00ed schv\u00e1lila revitalizaci s\u00eddli\u0161t\u011b Baba, kter\u00e1 bude zahrnovat rekonstrukci technick\u00e9 infrastruktury, \u00fapravu povrch\u016f \u010di um\u00edst\u011bn\u00ed nov\u00e9ho informa\u010dn\u00edho syst\u00e9mu ur\u010den\u00e9ho pro turisty. Dojde tak\u00e9 k v\u00fdsadb\u011b nov\u00fdch strom\u016f, a to podle p\u016fvodn\u00edch pl\u00e1n\u016f na stavbu s\u00eddli\u0161t\u011b. <\/p>\n\n\n\n<p>Probl\u00e9mem osady je \u0161patn\u00e9 um\u00edst\u011bn\u00ed podzemn\u00edch s\u00edt\u00ed. Kanalizace, voda \u010di plyn jsou po letech ve \u0161patn\u00e9m stavu. O sv\u016fj p\u016fvodn\u00ed p\u016fvab p\u0159i\u0161ly tak\u00e9 m\u00edstn\u00ed ve\u0159ejn\u00e9 prostory. Podle n\u00e1m\u011bstka prim\u00e1tora pro oblast \u00fazemn\u00edho rozvoje Petra Hlav\u00e1\u010dka byla koncep\u010dn\u00ed studie na obnovu oblasti vypracov\u00e1na z d\u016fvodu &#8222;koordinace ve\u0161ker\u00fdch z\u00e1jm\u016f v \u00fazem\u00ed&#8220;. Jedn\u00e1 se o sklouben\u00ed z\u00e1jmu architektonicko-urbanistick\u00e9ho se z\u00e1jmem m\u00edstn\u00edch obyvatel. <\/p>\n\n\n\n<p>Zdroj obr\u00e1zku: Autor: Jirka Dl \u2013 Vlastn\u00ed d\u00edlo, CC BY-SA 4.0, https:\/\/commons.wikimedia.org\/w\/index.php?curid=37795103<\/p>\n\n\n\n<p><\/p>\n","protected":false},"excerpt":{"rendered":"<p>U\u017e jste n\u011bkdy sly\u0161eli n\u011bmeck\u00e9 slovo Werkbund? V meziv\u00e1le\u010dn\u00e9m obdob\u00ed tento n\u00e1zev nesl svaz um\u011blc\u016f, architekt\u016f, designer\u016f \u010di \u0159emesln\u00edk\u016f, kter\u00fd je pova\u017eov\u00e1n za kl\u00ed\u010dov\u00fd z hlediska rozvoje modern\u00ed architektury a designu. Mezi d\u00edla tohoto spolku pat\u0159\u00ed projekt v\u00fdstavby \u0161esti koloni\u00ed, jen\u017e byly postaveny v r\u016fzn\u00fdch \u010d\u00e1stech Evropy. Tyto kolonie m\u011bly nab\u00edzet modern\u00ed a cenov\u011b dostupn\u00e9 [&hellip;]<\/p>\n","protected":false},"author":24,"featured_media":7861,"comment_status":"open","ping_status":"open","sticky":false,"template":"","format":"standard","meta":{"inline_featured_image":false,"_breakdance_hide_in_design_set":false,"_breakdance_tags":"","footnotes":""},"categories":[247,62,51,46,110],"tags":[],"class_list":["post-7859","post","type-post","status-publish","format-standard","has-post-thumbnail","hentry","category-architektura","category-historie","category-spolecnost","category-studentske-zpravodajstvi","category-zajimavosti-z-prahy"],"acf":[],"_links":{"self":[{"href":"https:\/\/prahaskolska.200.solutions\/index.php?rest_route=\/wp\/v2\/posts\/7859","targetHints":{"allow":["GET"]}}],"collection":[{"href":"https:\/\/prahaskolska.200.solutions\/index.php?rest_route=\/wp\/v2\/posts"}],"about":[{"href":"https:\/\/prahaskolska.200.solutions\/index.php?rest_route=\/wp\/v2\/types\/post"}],"author":[{"embeddable":true,"href":"https:\/\/prahaskolska.200.solutions\/index.php?rest_route=\/wp\/v2\/users\/24"}],"replies":[{"embeddable":true,"href":"https:\/\/prahaskolska.200.solutions\/index.php?rest_route=%2Fwp%2Fv2%2Fcomments&post=7859"}],"version-history":[{"count":2,"href":"https:\/\/prahaskolska.200.solutions\/index.php?rest_route=\/wp\/v2\/posts\/7859\/revisions"}],"predecessor-version":[{"id":7862,"href":"https:\/\/prahaskolska.200.solutions\/index.php?rest_route=\/wp\/v2\/posts\/7859\/revisions\/7862"}],"wp:featuredmedia":[{"embeddable":true,"href":"https:\/\/prahaskolska.200.solutions\/index.php?rest_route=\/wp\/v2\/media\/7861"}],"wp:attachment":[{"href":"https:\/\/prahaskolska.200.solutions\/index.php?rest_route=%2Fwp%2Fv2%2Fmedia&parent=7859"}],"wp:term":[{"taxonomy":"category","embeddable":true,"href":"https:\/\/prahaskolska.200.solutions\/index.php?rest_route=%2Fwp%2Fv2%2Fcategories&post=7859"},{"taxonomy":"post_tag","embeddable":true,"href":"https:\/\/prahaskolska.200.solutions\/index.php?rest_route=%2Fwp%2Fv2%2Ftags&post=7859"}],"curies":[{"name":"wp","href":"https:\/\/api.w.org\/{rel}","templated":true}]}}