{"id":7476,"date":"2022-09-28T19:07:00","date_gmt":"2022-09-28T17:07:00","guid":{"rendered":"https:\/\/prahaskolska.200.solutions\/?p=7476"},"modified":"2022-09-27T08:27:06","modified_gmt":"2022-09-27T06:27:06","slug":"iranske-zeny-pali-hidzaby-stovky-jich-protestuji-proti-smrti-mahsy-aminiove","status":"publish","type":"post","link":"https:\/\/prahaskolska.200.solutions\/?p=7476","title":{"rendered":"\u00cdr\u00e1nsk\u00e9 \u017eeny p\u00e1l\u00ed hid\u017e\u00e1by, stovky jich protestuj\u00ed proti smrti Mahsy Aminiov\u00e9"},"content":{"rendered":"\n<p><strong>V \u00fater\u00fd 20. z\u00e1\u0159\u00ed ve\u010der se v \u00edr\u00e1nsk\u00e9m m\u011bst\u011b Kerm\u00e1n, kde \u017eeny mus\u00ed na ve\u0159ejnosti nosit hid\u017e\u00e1b (nebo \u0161\u00e1tek), odehr\u00e1l siln\u00fd akt odporu, jeliko\u017e rozho\u0159\u010den\u00ed nad smrt\u00ed \u017eeny v policejn\u00ed vazb\u011b vyvolalo protesty po cel\u00e9 zemi.<\/strong><\/p>\n\n\n\n<p>Aminiov\u00e1 byla se sv\u00fdm bratrem v Teher\u00e1nu, kdy\u017e ji zatkla mravnostn\u00ed policie, kter\u00e1 ji obvinila z poru\u0161en\u00ed z\u00e1kona, podle n\u011bho\u017e si \u017eeny mus\u00ed zakr\u00fdvat vlasy hid\u017e\u00e1bem a ruce a nohy voln\u00fdm od\u011bvem. Kr\u00e1tce pot\u00e9, co zkolabovala ve vazebn\u00ed v\u011bznici, upadla do k\u00f3matu. Objevily se zpr\u00e1vy, \u017ee policist\u00e9 ji bili obu\u0161kem a tloukli j\u00ed hlavou o jedno ze sv\u00fdch vozidel, uvedla \u00fa\u0159aduj\u00edc\u00ed vysok\u00e1 komisa\u0159ka OSN pro lidsk\u00e1 pr\u00e1va Nada al-Nashif. Policie pop\u0159ela, \u017ee by s n\u00ed bylo \u0161patn\u011b zach\u00e1zeno, a uvedla, \u017ee utrp\u011bla \u201en\u00e1hl\u00e9 selh\u00e1n\u00ed srdce&#8220;. Jej\u00ed rodina v\u0161ak tvrd\u00ed, \u017ee byla zdrav\u00e1 a v dobr\u00e9 kondici. Jedn\u00e1 se bezpochyby o velmi tragickou epizodu, kter\u00e1 v ulic\u00edch rozpoutala hn\u011bv proti nezodpov\u011bdn\u00e9mu a n\u011bkdy brut\u00e1ln\u00edmu zach\u00e1zen\u00ed s \u017eenami ze strany t\u00e9to slo\u017eky policie.<\/p>\n\n\n\n<p>Navzdory pond\u011bln\u00edm protest\u016fm, p\u0159i nich\u017e zem\u0159eli nejm\u00e9n\u011b t\u0159i lid\u00e9, vy\u0161li v \u00fater\u00fd ve\u010der do ulic m\u011bst a obc\u00ed po cel\u00e9 zemi \u017eeny a mu\u017ei, kte\u0159\u00ed provol\u00e1vali hesla proti \u00edr\u00e1nsk\u00e9mu duchovn\u00edmu veden\u00ed, jak ukazuj\u00ed sn\u00edmky zve\u0159ejn\u011bn\u00e9 na soci\u00e1ln\u00edch s\u00edt\u00edch. \u00cdr\u00e1n\u0161t\u00ed vl\u00e1dn\u00ed p\u0159edstavitel\u00e9 mezit\u00edm protesty odsoudili a tvrd\u00ed, \u017ee se demonstranti stali ob\u011bt\u00ed konspirace ze strany nep\u0159\u00e1tel zem\u011b. \u201eTragick\u00e1 smrt Mahsy Aminiov\u00e9 a obvin\u011bn\u00ed z mu\u010den\u00ed a \u0161patn\u00e9ho zach\u00e1zen\u00ed mus\u00ed b\u00fdt urychlen\u011b, nestrann\u011b a \u00fa\u010dinn\u011b vy\u0161et\u0159eny nez\u00e1visl\u00fdm p\u0159\u00edslu\u0161n\u00fdm org\u00e1nem, kter\u00fd zajist\u00ed zejm\u00e9na to, aby jej\u00ed rodina m\u011bla p\u0159\u00edstup ke spravedlnosti a pravd\u011b,&#8220; uvedla pan\u00ed Nashif.<\/p>\n\n\n\n<p>Poznamenala, \u017ee OSN obdr\u017eela \u201e\u010detn\u00e9 a ov\u011b\u0159en\u00e9 videoz\u00e1znamy n\u00e1siln\u00e9ho zach\u00e1zen\u00ed se \u017eenami&#8220;, proto\u017ee mravnostn\u00ed policie v posledn\u00edch m\u011bs\u00edc\u00edch roz\u0161\u00ed\u0159ila sv\u00e9 pouli\u010dn\u00ed hl\u00eddky, aby potla\u010dila ty, o nich\u017e se domn\u00edvala, \u017ee nos\u00ed \u201evoln\u00fd hid\u017e\u00e1b&#8220;. \u201e\u00da\u0159ady se mus\u00ed p\u0159estat zam\u011b\u0159ovat na \u017eeny, kter\u00e9 nedodr\u017euj\u00ed pravidla hid\u017e\u00e1bu, obt\u011b\u017eovat je a zadr\u017eovat,&#8220; dodala a vyzvala k jejich zru\u0161en\u00ed. Kv\u016fli obav\u00e1m, \u017ee by se \u00fa\u0159ad\u016fm mohl hn\u011bv vymknout z rukou, nav\u0161t\u00edvil v pond\u011bl\u00ed rodinn\u00fd d\u016fm rodiny Aminiov\u00e9 na dv\u011b hodiny poradce nejvy\u0161\u0161\u00edho v\u016fdce zem\u011b ajatoll\u00e1ha Ali Chomejn\u00edho. Poloofici\u00e1ln\u00ed tiskov\u00e1 agentura Tasnim uvedla, \u017ee Abdolreza Pourzahabi \u0159ekl rodin\u011b Aminiov\u00e9, \u017ee \u201ev\u0161echny instituce p\u0159ijmou opat\u0159en\u00ed na obranu pr\u00e1v, kter\u00e1 byla poru\u0161ena&#8220; a \u017ee si je jist\u00fd, \u017ee Chomejn\u00edho jej\u00ed smrt \u201etak\u00e9 zas\u00e1hla a bolela&#8220;.<\/p>\n\n\n\n<p>Re\u017eim je odhodl\u00e1n tvrdit, \u017ee d\u00edvka nezem\u0159ela ve vazb\u011b v d\u016fsledku bit\u00ed, ale v d\u016fsledku ji\u017e existuj\u00edc\u00edho onemocn\u011bn\u00ed mozku a operace, kterou podstoupila, kdy\u017e j\u00ed bylo p\u011bt let. CT sn\u00edmky jej\u00edho mozku vydan\u00e9 nemocnic\u00ed se staly p\u0159edm\u011btem l\u00e9ka\u0159sk\u00e9ho sporu, p\u0159i\u010dem\u017e zast\u00e1nci vl\u00e1dy s odvol\u00e1n\u00edm na neurology tvrd\u00ed, \u017ee ukazuj\u00ed na psychick\u00fd stres zp\u016fsoben\u00fd p\u0159edchoz\u00ed operac\u00ed mozku, a jej\u00ed kritici tvrd\u00ed, \u017ee ukazuj\u00ed na zn\u00e1mky fyzick\u00e9ho bit\u00ed a traumatu. Bez ohledu na v\u00fdsledek ztratila \u010d\u00e1st \u00edr\u00e1nsk\u00e9 spole\u010dnosti s mravnostn\u00ed polici\u00ed zjevn\u011b trp\u011blivost a tvrd\u00ed, \u017ee mnoho \u017een trp\u00ed dlouhodobou posttraumatickou stresovou poruchou po snaze policie o jejich &#8222;p\u0159ev\u00fdchovu&#8220;.<\/p>\n\n\n\n<p>\u00da\u0159ad OSN pro lidsk\u00e1 pr\u00e1va v \u017denev\u011b uvedl, \u017ee \u00edr\u00e1nsk\u00e1 mravnostn\u00ed policie v posledn\u00edch m\u011bs\u00edc\u00edch roz\u0161\u00ed\u0159ila sv\u00e9 hl\u00eddky, kter\u00e9 se zam\u011b\u0159uj\u00ed na \u017eeny, kter\u00e9 \u0159\u00e1dn\u011b nenos\u00ed isl\u00e1msk\u00fd \u0161\u00e1tek, tzv. hid\u017e\u00e1b. \u00da\u0159ad uvedl, \u017ee na ov\u011b\u0159en\u00fdch videoz\u00e1znamech je vid\u011bt, jak jsou \u017eeny za p\u0159\u00edli\u0161 voln\u00e9 no\u0161en\u00ed hid\u017e\u00e1bu pl\u00e1c\u00e1ny do obli\u010deje, bity obu\u0161ky a vhazov\u00e1ny do policejn\u00edch voz\u016f.<\/p>\n","protected":false},"excerpt":{"rendered":"<p>V \u00fater\u00fd 20. z\u00e1\u0159\u00ed ve\u010der se v \u00edr\u00e1nsk\u00e9m m\u011bst\u011b Kerm\u00e1n, kde \u017eeny mus\u00ed na ve\u0159ejnosti nosit hid\u017e\u00e1b (nebo \u0161\u00e1tek), odehr\u00e1l siln\u00fd akt odporu, jeliko\u017e rozho\u0159\u010den\u00ed nad smrt\u00ed \u017eeny v policejn\u00ed vazb\u011b vyvolalo protesty po cel\u00e9 zemi. Aminiov\u00e1 byla se sv\u00fdm bratrem v Teher\u00e1nu, kdy\u017e ji zatkla mravnostn\u00ed policie, kter\u00e1 ji obvinila z poru\u0161en\u00ed z\u00e1kona, podle [&hellip;]<\/p>\n","protected":false},"author":25,"featured_media":7564,"comment_status":"open","ping_status":"open","sticky":false,"template":"","format":"standard","meta":{"inline_featured_image":false,"_breakdance_hide_in_design_set":false,"_breakdance_tags":"","footnotes":""},"categories":[51,46],"tags":[],"class_list":["post-7476","post","type-post","status-publish","format-standard","has-post-thumbnail","hentry","category-spolecnost","category-studentske-zpravodajstvi"],"acf":[],"_links":{"self":[{"href":"https:\/\/prahaskolska.200.solutions\/index.php?rest_route=\/wp\/v2\/posts\/7476","targetHints":{"allow":["GET"]}}],"collection":[{"href":"https:\/\/prahaskolska.200.solutions\/index.php?rest_route=\/wp\/v2\/posts"}],"about":[{"href":"https:\/\/prahaskolska.200.solutions\/index.php?rest_route=\/wp\/v2\/types\/post"}],"author":[{"embeddable":true,"href":"https:\/\/prahaskolska.200.solutions\/index.php?rest_route=\/wp\/v2\/users\/25"}],"replies":[{"embeddable":true,"href":"https:\/\/prahaskolska.200.solutions\/index.php?rest_route=%2Fwp%2Fv2%2Fcomments&post=7476"}],"version-history":[{"count":1,"href":"https:\/\/prahaskolska.200.solutions\/index.php?rest_route=\/wp\/v2\/posts\/7476\/revisions"}],"predecessor-version":[{"id":7477,"href":"https:\/\/prahaskolska.200.solutions\/index.php?rest_route=\/wp\/v2\/posts\/7476\/revisions\/7477"}],"wp:featuredmedia":[{"embeddable":true,"href":"https:\/\/prahaskolska.200.solutions\/index.php?rest_route=\/wp\/v2\/media\/7564"}],"wp:attachment":[{"href":"https:\/\/prahaskolska.200.solutions\/index.php?rest_route=%2Fwp%2Fv2%2Fmedia&parent=7476"}],"wp:term":[{"taxonomy":"category","embeddable":true,"href":"https:\/\/prahaskolska.200.solutions\/index.php?rest_route=%2Fwp%2Fv2%2Fcategories&post=7476"},{"taxonomy":"post_tag","embeddable":true,"href":"https:\/\/prahaskolska.200.solutions\/index.php?rest_route=%2Fwp%2Fv2%2Ftags&post=7476"}],"curies":[{"name":"wp","href":"https:\/\/api.w.org\/{rel}","templated":true}]}}