{"id":7431,"date":"2022-09-14T11:42:00","date_gmt":"2022-09-14T09:42:00","guid":{"rendered":"https:\/\/prahaskolska.200.solutions\/?p=7431"},"modified":"2022-09-26T22:53:51","modified_gmt":"2022-09-26T20:53:51","slug":"praha-centrem-evropske-kreativity-blizi-se-european-creative-industries-summit-2022","status":"publish","type":"post","link":"https:\/\/prahaskolska.200.solutions\/?p=7431","title":{"rendered":"Praha centrem evropsk\u00e9 kreativity. Bl\u00ed\u017e\u00ed se European Creative Industries Summit 2022"},"content":{"rendered":"\n<p><strong>P\u0159\u00ed\u0161t\u00ed t\u00fdden se v Praze uskute\u010dn\u00ed nejv\u011bt\u0161\u00ed summit kulturn\u00edch a kreativn\u00edch odv\u011btv\u00ed s n\u00e1zvem European Creative Industries Summit 2022. Tato ud\u00e1lost, kterou po\u0159\u00e1d\u00e1 Kreativn\u00ed Praha, z. \u00fa. spole\u010dn\u011b s European Creative Business Network (ECBN), se uskute\u010dn\u00ed pod z\u00e1\u0161titou \u010desk\u00e9ho p\u0159edsednictv\u00ed v Rad\u011b EU.<\/strong><\/p>\n\n\n\n<p>Na programu konference, jen\u017e prob\u011bhne od 21. do 23. z\u00e1\u0159\u00ed, jsou celkem 3 \u010d\u00e1sti. Prvn\u00ed je &#8222;Policy forum&#8220;, kter\u00e9 poodhal\u00ed aktu\u00e1ln\u00ed mo\u017enosti rozvoje kulturn\u00edch a kreativn\u00edch sektor\u016f na \u00farovni Evropsk\u00e9 unie. &#8222;Stakeholder forum&#8220; uk\u00e1\u017ee aktu\u00e1ln\u00ed projekty, kter\u00e9 ukazuj\u00ed cestu, jak se s transic\u00ed vyrovn\u00e1vaj\u00ed partne\u0159i ECBN. Uk\u00e1\u017ee tak\u00e9 zp\u016fsoby p\u0159enositelnosti takov\u00fdch \u0159e\u0161en\u00ed. &#8222;Czech Creatives forum&#8220; p\u0159edstav\u00ed projekty poch\u00e1zej\u00edc\u00ed z \u010cesk\u00e9 republiky, kter\u00e9 se mohou pochlubit mezin\u00e1rodn\u00edm p\u0159esahem. P\u0159edstav\u00ed tak\u00e9 \u010desk\u00e1 inovativn\u00ed \u0159e\u0161en\u00ed, kter\u00e1 poch\u00e1zej\u00ed jak ze soukrom\u00e9ho, tak z ve\u0159ejn\u00e9ho sektoru.<\/p>\n\n\n\n<p>Na programu je take &#8222;Networking party&#8220; v Pra\u017esk\u00e9m kreativn\u00edm centru na Starom\u011bstsk\u00e9m n\u00e1m\u011bst\u00ed. <\/p>\n\n\n\n<p>Pro \u00fa\u010dast na konferenci je nutn\u00e9 se zaregistrovat p\u0159es <a href=\"https:\/\/www.eventbrite.com\/e\/ecis22-allgreen-the-final-conference-tickets-324024464897?aff=odcleoeventsincollection&amp;keep_tld=1\">registra\u010dn\u00ed formul\u00e1\u0159<\/a>, nebo\u0165 kapacita m\u00edst je omezena. Vstup je zdarma. <\/p>\n\n\n\n<p>Zdroj obr\u00e1zku: https:\/\/international.praha.eu\/events\/european-creative-industries-summit-2022<\/p>\n","protected":false},"excerpt":{"rendered":"<p>P\u0159\u00ed\u0161t\u00ed t\u00fdden se v Praze uskute\u010dn\u00ed nejv\u011bt\u0161\u00ed summit kulturn\u00edch a kreativn\u00edch odv\u011btv\u00ed s n\u00e1zvem European Creative Industries Summit 2022. Tato ud\u00e1lost, kterou po\u0159\u00e1d\u00e1 Kreativn\u00ed Praha, z. \u00fa. spole\u010dn\u011b s European Creative Business Network (ECBN), se uskute\u010dn\u00ed pod z\u00e1\u0161titou \u010desk\u00e9ho p\u0159edsednictv\u00ed v Rad\u011b EU. Na programu konference, jen\u017e prob\u011bhne od 21. do 23. z\u00e1\u0159\u00ed, jsou celkem [&hellip;]<\/p>\n","protected":false},"author":24,"featured_media":7432,"comment_status":"open","ping_status":"open","sticky":false,"template":"","format":"standard","meta":{"inline_featured_image":false,"_breakdance_hide_in_design_set":false,"_breakdance_tags":"","footnotes":""},"categories":[109,35,46],"tags":[],"class_list":["post-7431","post","type-post","status-publish","format-standard","has-post-thumbnail","hentry","category-kultura","category-studentska-tvorba","category-studentske-zpravodajstvi"],"acf":[],"_links":{"self":[{"href":"https:\/\/prahaskolska.200.solutions\/index.php?rest_route=\/wp\/v2\/posts\/7431","targetHints":{"allow":["GET"]}}],"collection":[{"href":"https:\/\/prahaskolska.200.solutions\/index.php?rest_route=\/wp\/v2\/posts"}],"about":[{"href":"https:\/\/prahaskolska.200.solutions\/index.php?rest_route=\/wp\/v2\/types\/post"}],"author":[{"embeddable":true,"href":"https:\/\/prahaskolska.200.solutions\/index.php?rest_route=\/wp\/v2\/users\/24"}],"replies":[{"embeddable":true,"href":"https:\/\/prahaskolska.200.solutions\/index.php?rest_route=%2Fwp%2Fv2%2Fcomments&post=7431"}],"version-history":[{"count":1,"href":"https:\/\/prahaskolska.200.solutions\/index.php?rest_route=\/wp\/v2\/posts\/7431\/revisions"}],"predecessor-version":[{"id":7433,"href":"https:\/\/prahaskolska.200.solutions\/index.php?rest_route=\/wp\/v2\/posts\/7431\/revisions\/7433"}],"wp:featuredmedia":[{"embeddable":true,"href":"https:\/\/prahaskolska.200.solutions\/index.php?rest_route=\/wp\/v2\/media\/7432"}],"wp:attachment":[{"href":"https:\/\/prahaskolska.200.solutions\/index.php?rest_route=%2Fwp%2Fv2%2Fmedia&parent=7431"}],"wp:term":[{"taxonomy":"category","embeddable":true,"href":"https:\/\/prahaskolska.200.solutions\/index.php?rest_route=%2Fwp%2Fv2%2Fcategories&post=7431"},{"taxonomy":"post_tag","embeddable":true,"href":"https:\/\/prahaskolska.200.solutions\/index.php?rest_route=%2Fwp%2Fv2%2Ftags&post=7431"}],"curies":[{"name":"wp","href":"https:\/\/api.w.org\/{rel}","templated":true}]}}