{"id":7408,"date":"2022-09-16T10:38:00","date_gmt":"2022-09-16T08:38:00","guid":{"rendered":"https:\/\/prahaskolska.200.solutions\/?p=7408"},"modified":"2022-09-26T21:45:24","modified_gmt":"2022-09-26T19:45:24","slug":"dalsi-z-prazskych-verejnych-prostoru-oziva-v-tramvajove-smycce-dlabacov-vzniklo-nove-bistro","status":"publish","type":"post","link":"https:\/\/prahaskolska.200.solutions\/?p=7408","title":{"rendered":"Dal\u0161\u00ed z pra\u017esk\u00fdch ve\u0159ejn\u00fdch prostor\u016f o\u017e\u00edv\u00e1. V tramvajov\u00e9 smy\u010dce Dlaba\u010dov vzniklo nov\u00e9 bistro"},"content":{"rendered":"\n<p><strong>Prostor tramvajov\u00e9 smy\u010dky na Dlaba\u010dov\u011b d\u0159\u00edve slou\u017eil jako p\u0159estupn\u00ed m\u00edsto pro<br>n\u00e1v\u0161t\u011bvn\u00edky pra\u017esk\u00fdch spartaki\u00e1d, kter\u00e9 se p\u0159ed sametovou revoluc\u00ed konaly na nedalek\u00e9m Strahovsk\u00e9m stadionu.<br>Po p\u00e1du komunismu m\u00edsto l\u00e9ta ch\u00e1tralo. Slou\u017eilo pouze jako kone\u010dn\u00e1 stanice historick\u00e9 okru\u017en\u00ed linky 42.<\/strong><\/p>\n\n\n\n<p><br>Samotn\u00e1 smy\u010dka vznikla ji\u017e v roce 1948 spole\u010dn\u011b s nedalekou Kr\u00e1lovkou. Ob\u011b kone\u010dn\u00e9<br>stanice m\u011bly stejn\u00fd \u00fa\u010del &#8211; dopravn\u011b obslou\u017eit tehdej\u0161\u00ed v\u0161esokolsk\u00e9 slety, pozd\u011bj\u0161\u00ed<br>spartaki\u00e1dy. Od 80. let v\u0161ak prostor zar\u016fstal, ch\u00e1tral a z\u016fst\u00e1val nevyu\u017e\u00edv\u00e1n.<\/p>\n\n\n\n<p><br>Nyn\u00ed v\u0161ak smy\u010dka dostala \u201cdruh\u00fd dech\u201d. Veden\u00ed m\u011bsta se rozhodlo spojit s\u00edly s<br>Dopravn\u00edm podnikem hl. m. Prahy, Technickou spr\u00e1vou komunikac\u00ed a organizac\u00ed Kreativn\u00ed<br>Praha, jej\u00edm\u017e \u00fakolem bylo vyhl\u00e1sit v\u00fdb\u011brov\u00e9ho \u0159\u00edzen\u00ed na provozovatele prostoru<br>smy\u010dky.<\/p>\n\n\n\n<p><br>V\u00edt\u011bzi se stali Ond\u0159ej Ku\u017e\u00edlek a Jan \u0158\u00eddk\u00fd, kte\u0159\u00ed na m\u00edst\u011b zalo\u017eili bistro s n\u00e1zvem To\u010dna.<br>Bistro nab\u00edz\u00ed venkovn\u00ed ob\u010derstven\u00ed spole\u010dn\u011b s kulturn\u00edm programem. C\u00edlem autor\u016f bylo<br>tak\u00e9 zachovat jedine\u010dn\u00fd charakter m\u00edsta.<\/p>\n\n\n\n<p><br>Na To\u010dn\u011b se tak n\u00e1\u0161t\u011bvn\u00edci mohou t\u011b\u0161it na k\u00e1vu, dom\u00e1c\u00ed limon\u00e1dy \u010di vlastn\u00ed pivo s n\u00e1zvem<br>To\u010den\u00e1, kter\u00e9 dod\u00e1v\u00e1 kladensk\u00fd pivovar Kro\u010dehlavy. V nab\u00eddce je tak\u00e9 street food<br>zaji\u0161t\u011bn\u00fd bistrem Kolorit.<\/p>\n\n\n\n<p><br>Zaj\u00edmav\u00e1 je tak\u00e9 m\u00edstn\u00ed nab\u00eddka posezen\u00ed, kter\u00e1 zahrnuje unik\u00e1tn\u00ed d\u0159ev\u011bn\u00e1 sed\u00e1tka na<br>schodi\u0161ti \u010di vy\u0159azen\u00fd tramvajov\u00fd v\u016fz T3, jen\u017e je pro Prahu velmi typick\u00fd.<\/p>\n\n\n\n<p><br>Bistro je zat\u00edm otev\u0159eno pouze sez\u00f3nn\u011b, a to o v\u00edkendech mezi 10:00 a 21:00. Do<br>budoucna se v\u0161ak po\u010d\u00edt\u00e1 s celoro\u010dn\u00edm provozem.<\/p>\n\n\n\n<p>Zdroj obr\u00e1zku: Obr\u00e1zek od u\u017eivatele raggio5 ze slu\u017eby Pixabay &#8211; https:\/\/pixabay.com\/cs\/photos\/k\u00e1va-espresso-nap%C3%ADt-se-kofein-3340124\/<\/p>\n\n\n\n<div id=\"section-g69bda4\" class=\"wp-block-gutentor-e6 section-g69bda4 gutentor-element gutentor-element-image\"><div class=\"gutentor-element-image-box\"><div class=\"gutentor-image-thumb\"><img decoding=\"async\" class=\"normal-image\" src=\"https:\/\/prahaskolska.200.solutions\/wp-content\/plugins\/gutentor\/assets\/img\/default-image.jpg\"\/><\/div><\/div><\/div>\n","protected":false},"excerpt":{"rendered":"<p>Prostor tramvajov\u00e9 smy\u010dky na Dlaba\u010dov\u011b d\u0159\u00edve slou\u017eil jako p\u0159estupn\u00ed m\u00edsto pron\u00e1v\u0161t\u011bvn\u00edky pra\u017esk\u00fdch spartaki\u00e1d, kter\u00e9 se p\u0159ed sametovou revoluc\u00ed konaly na nedalek\u00e9m Strahovsk\u00e9m stadionu.Po p\u00e1du komunismu m\u00edsto l\u00e9ta ch\u00e1tralo. Slou\u017eilo pouze jako kone\u010dn\u00e1 stanice historick\u00e9 okru\u017en\u00ed linky 42. Samotn\u00e1 smy\u010dka vznikla ji\u017e v roce 1948 spole\u010dn\u011b s nedalekou Kr\u00e1lovkou. Ob\u011b kone\u010dn\u00e9stanice m\u011bly stejn\u00fd \u00fa\u010del &#8211; dopravn\u011b [&hellip;]<\/p>\n","protected":false},"author":24,"featured_media":7453,"comment_status":"open","ping_status":"open","sticky":false,"template":"","format":"standard","meta":{"inline_featured_image":false,"_breakdance_hide_in_design_set":false,"_breakdance_tags":"","footnotes":""},"categories":[97,35,46,110],"tags":[],"class_list":["post-7408","post","type-post","status-publish","format-standard","has-post-thumbnail","hentry","category-doprava","category-studentska-tvorba","category-studentske-zpravodajstvi","category-zajimavosti-z-prahy"],"acf":[],"_links":{"self":[{"href":"https:\/\/prahaskolska.200.solutions\/index.php?rest_route=\/wp\/v2\/posts\/7408","targetHints":{"allow":["GET"]}}],"collection":[{"href":"https:\/\/prahaskolska.200.solutions\/index.php?rest_route=\/wp\/v2\/posts"}],"about":[{"href":"https:\/\/prahaskolska.200.solutions\/index.php?rest_route=\/wp\/v2\/types\/post"}],"author":[{"embeddable":true,"href":"https:\/\/prahaskolska.200.solutions\/index.php?rest_route=\/wp\/v2\/users\/24"}],"replies":[{"embeddable":true,"href":"https:\/\/prahaskolska.200.solutions\/index.php?rest_route=%2Fwp%2Fv2%2Fcomments&post=7408"}],"version-history":[{"count":4,"href":"https:\/\/prahaskolska.200.solutions\/index.php?rest_route=\/wp\/v2\/posts\/7408\/revisions"}],"predecessor-version":[{"id":7504,"href":"https:\/\/prahaskolska.200.solutions\/index.php?rest_route=\/wp\/v2\/posts\/7408\/revisions\/7504"}],"wp:featuredmedia":[{"embeddable":true,"href":"https:\/\/prahaskolska.200.solutions\/index.php?rest_route=\/wp\/v2\/media\/7453"}],"wp:attachment":[{"href":"https:\/\/prahaskolska.200.solutions\/index.php?rest_route=%2Fwp%2Fv2%2Fmedia&parent=7408"}],"wp:term":[{"taxonomy":"category","embeddable":true,"href":"https:\/\/prahaskolska.200.solutions\/index.php?rest_route=%2Fwp%2Fv2%2Fcategories&post=7408"},{"taxonomy":"post_tag","embeddable":true,"href":"https:\/\/prahaskolska.200.solutions\/index.php?rest_route=%2Fwp%2Fv2%2Ftags&post=7408"}],"curies":[{"name":"wp","href":"https:\/\/api.w.org\/{rel}","templated":true}]}}